{"id":33206,"date":"2022-04-22T17:30:44","date_gmt":"2022-04-22T20:30:44","guid":{"rendered":"https:\/\/pinews.com.br\/?p=33206"},"modified":"2022-04-22T17:30:44","modified_gmt":"2022-04-22T20:30:44","slug":"motocicletas-colidem-com-carro-e-uma-pega-fogo-no-piaui","status":"publish","type":"post","link":"https:\/\/pinews.com.br\/index.php\/2022\/04\/22\/motocicletas-colidem-com-carro-e-uma-pega-fogo-no-piaui\/","title":{"rendered":"Motocicletas colidem com carro e uma pega fogo no Piau\u00ed"},"content":{"rendered":"\n<p>Duas motocicletas colidiram com um carro e uma delas pegou fogo na tarde desta sexta-feira (22), por volta das 12h, na avenida Raul Lopes, zona Leste de Teresina.<\/p>\n\n\n\n<p>Segundo informa\u00e7\u00f5es do tenente Ivan Feitosa, do Corpo do Bombeiros, nas motocicletas estavam apenas os pilotos e eles sofreram somente escoria\u00e7\u00f5es leves. J\u00e1 o motorista do carro n\u00e3o se encontrava no local.<\/p>\n\n\n\n<p>\u201cDuas motos colidiram com um ve\u00edculo, uma das motos incendiou e as v\u00edtimas tiveram apenas escoria\u00e7\u00f5es leves. O motorista do carro n\u00e3o estava no local, s\u00f3 o passageiro\u201d, informou o tenente Ivan Feitosa. &nbsp;<\/p>\n\n\n\n<p>O Corpo de Bombeiros acrescentou ainda que at\u00e9 o momento n\u00e3o \u00e9 poss\u00edvel informar a din\u00e2mica do acidente e o inc\u00eandio da motocicleta foi combatido pelas equipes.<\/p>\n\n\n\n<p>J\u00e1 o atendimento das v\u00edtimas foi realizado no local. Uma motol\u00e2ncia do Samu, equipes da Strans e Ciptran tamb\u00e9m foram acionadas. &nbsp;<\/p>\n\n\n\n<p><strong>Fonte: Rebeca Lima\/ Cidade Verde<\/strong><\/p>\n","protected":false},"excerpt":{"rendered":"<p>Duas motocicletas colidiram com um carro e uma delas pegou fogo na tarde desta sexta-feira (22), por volta das 12h, na avenida Raul Lopes, zona Leste de Teresina. Segundo informa\u00e7\u00f5es do tenente Ivan Feitosa, do Corpo do Bombeiros, nas motocicletas estavam apenas os pilotos e eles sofreram somente escoria\u00e7\u00f5es leves. J\u00e1 o motorista do carro [&hellip;]<\/p>\n","protected":false},"author":1,"featured_media":33207,"comment_status":"open","ping_status":"open","sticky":false,"template":"","format":"standard","meta":{"beyondwords_generate_audio":"","beyondwords_project_id":"","beyondwords_podcast_id":"","beyondwords_hash":"","beyondwords_error_message":"","beyondwords_disabled":"","publish_post_to_speechkit":"","speechkit_generate_audio":"","speechkit_project_id":"","speechkit_podcast_id":"","speechkit_hash":"","speechkit_error_message":"","speechkit_disabled":"","speechkit_access_key":"","speechkit_error":"","speechkit_info":"","speechkit_response":"","speechkit_retries":"","_speechkit_link":"","_speechkit_text":""},"categories":[51,81],"tags":[62,1345,1675,1061,5340,52,557],"jetpack_featured_media_url":"https:\/\/pinews.com.br\/wp-content\/uploads\/2022\/04\/86068d8317995da899a00ffbc832830a.jpg","_links":{"self":[{"href":"https:\/\/pinews.com.br\/index.php\/wp-json\/wp\/v2\/posts\/33206"}],"collection":[{"href":"https:\/\/pinews.com.br\/index.php\/wp-json\/wp\/v2\/posts"}],"about":[{"href":"https:\/\/pinews.com.br\/index.php\/wp-json\/wp\/v2\/types\/post"}],"author":[{"embeddable":true,"href":"https:\/\/pinews.com.br\/index.php\/wp-json\/wp\/v2\/users\/1"}],"replies":[{"embeddable":true,"href":"https:\/\/pinews.com.br\/index.php\/wp-json\/wp\/v2\/comments?post=33206"}],"version-history":[{"count":0,"href":"https:\/\/pinews.com.br\/index.php\/wp-json\/wp\/v2\/posts\/33206\/revisions"}],"wp:featuredmedia":[{"embeddable":true,"href":"https:\/\/pinews.com.br\/index.php\/wp-json\/wp\/v2\/media\/33207"}],"wp:attachment":[{"href":"https:\/\/pinews.com.br\/index.php\/wp-json\/wp\/v2\/media?parent=33206"}],"wp:term":[{"taxonomy":"category","embeddable":true,"href":"https:\/\/pinews.com.br\/index.php\/wp-json\/wp\/v2\/categories?post=33206"},{"taxonomy":"post_tag","embeddable":true,"href":"https:\/\/pinews.com.br\/index.php\/wp-json\/wp\/v2\/tags?post=33206"}],"curies":[{"name":"wp","href":"https:\/\/api.w.org\/{rel}","templated":true}]}}