{"id":33222,"date":"2022-04-23T11:36:17","date_gmt":"2022-04-23T14:36:17","guid":{"rendered":"https:\/\/pinews.com.br\/?p=33222"},"modified":"2022-04-23T11:36:17","modified_gmt":"2022-04-23T14:36:17","slug":"adolescente-e-baleado-apos-assaltar-tenente-da-pm-no-piaui","status":"publish","type":"post","link":"https:\/\/pinews.com.br\/index.php\/2022\/04\/23\/adolescente-e-baleado-apos-assaltar-tenente-da-pm-no-piaui\/","title":{"rendered":"Adolescente \u00e9 baleado ap\u00f3s assaltar tenente da PM no Piau\u00ed"},"content":{"rendered":"\n<p>Um tenente do Batalh\u00e3o de Policia Ambiental (BPA) foi sofreu um assalto, na noite desta sexta-feira (22), na Avenida Ministro S\u00e9rgio Mota no Parque Wall Ferraz, zona Norte de Teresina. Na a\u00e7\u00e3o criminosa, o policial ainda conseguiu reagir e alvejou um dos assaltantes, que foi capturado com a ajuda da popula\u00e7\u00e3o ao tentar fugir. <\/p>\n\n\n\n<p>Em entrevista ao <em>Meionorte.com<\/em>, o sargento Marques, do 13\u00b0 Batalh\u00e3o, explicou que o tenente J. Oliveira estava na avenida esperando uma pessoa sair do trabalho, quando foi abordado pelos suspeitos, que estavam em uma bicicleta. <\/p>\n\n\n\n<p>\u201cEle tava na avenida esperando uma pessoa dele que veio do trabalho e dois elementos de bicicleta o abordara. E esse menor, Jo\u00e3o Victor, pulou da garupa e j\u00e1 foi anunciado o assalto com o tenente usando uma arma caseira. Ele pediu o celular, o tenente pegou o celular e quando entregou, n\u00e3o deu certo dele disparar e o tenente deu um tiro nele, pegando na regi\u00e3o do ombro esquerdo. A popula\u00e7\u00e3o ajudou e ele conseguiu pegar esse elemento\u201d, disse.<\/p>\n\n\n\n<p>O segundo elemento conseguiu empreender fuga. O menor capturado foi levado ao hospital e na sequ\u00eancia, para a Central de Flagrantes de Teresina. Segundo o sargento Marques, ele j\u00e1 \u00e9 conhecido da pol\u00edcia por pr\u00e1ticas criminosas na regi\u00e3o.<\/p>\n\n\n\n<p><strong>Fonte: Meio Norte<\/strong><\/p>\n","protected":false},"excerpt":{"rendered":"<p>Um tenente do Batalh\u00e3o de Policia Ambiental (BPA) foi sofreu um assalto, na noite desta sexta-feira (22), na Avenida Ministro S\u00e9rgio Mota no Parque Wall Ferraz, zona Norte de Teresina. Na a\u00e7\u00e3o criminosa, o policial ainda conseguiu reagir e alvejou um dos assaltantes, que foi capturado com a ajuda da popula\u00e7\u00e3o ao tentar fugir. Em [&hellip;]<\/p>\n","protected":false},"author":1,"featured_media":33223,"comment_status":"open","ping_status":"open","sticky":false,"template":"","format":"standard","meta":{"beyondwords_generate_audio":"","beyondwords_project_id":"","beyondwords_podcast_id":"","beyondwords_hash":"","beyondwords_error_message":"","beyondwords_disabled":"","publish_post_to_speechkit":"","speechkit_generate_audio":"","speechkit_project_id":"","speechkit_podcast_id":"","speechkit_hash":"","speechkit_error_message":"","speechkit_disabled":"","speechkit_access_key":"","speechkit_error":"","speechkit_info":"","speechkit_response":"","speechkit_retries":"","_speechkit_link":"","_speechkit_text":""},"categories":[51,78,81],"tags":[177,70,734,854,122,72,52,313,7587],"jetpack_featured_media_url":"https:\/\/pinews.com.br\/wp-content\/uploads\/2022\/04\/adolescente-e-baleado-apos-assaltar-tenente-da-pm-na-zona-norte-de-teresina-10972b8e-4bd9-4a9d-8b7f-9cb077ec0522.webp","_links":{"self":[{"href":"https:\/\/pinews.com.br\/index.php\/wp-json\/wp\/v2\/posts\/33222"}],"collection":[{"href":"https:\/\/pinews.com.br\/index.php\/wp-json\/wp\/v2\/posts"}],"about":[{"href":"https:\/\/pinews.com.br\/index.php\/wp-json\/wp\/v2\/types\/post"}],"author":[{"embeddable":true,"href":"https:\/\/pinews.com.br\/index.php\/wp-json\/wp\/v2\/users\/1"}],"replies":[{"embeddable":true,"href":"https:\/\/pinews.com.br\/index.php\/wp-json\/wp\/v2\/comments?post=33222"}],"version-history":[{"count":0,"href":"https:\/\/pinews.com.br\/index.php\/wp-json\/wp\/v2\/posts\/33222\/revisions"}],"wp:featuredmedia":[{"embeddable":true,"href":"https:\/\/pinews.com.br\/index.php\/wp-json\/wp\/v2\/media\/33223"}],"wp:attachment":[{"href":"https:\/\/pinews.com.br\/index.php\/wp-json\/wp\/v2\/media?parent=33222"}],"wp:term":[{"taxonomy":"category","embeddable":true,"href":"https:\/\/pinews.com.br\/index.php\/wp-json\/wp\/v2\/categories?post=33222"},{"taxonomy":"post_tag","embeddable":true,"href":"https:\/\/pinews.com.br\/index.php\/wp-json\/wp\/v2\/tags?post=33222"}],"curies":[{"name":"wp","href":"https:\/\/api.w.org\/{rel}","templated":true}]}}