{"id":33290,"date":"2022-04-24T20:56:41","date_gmt":"2022-04-24T23:56:41","guid":{"rendered":"https:\/\/pinews.com.br\/?p=33290"},"modified":"2022-04-24T20:56:41","modified_gmt":"2022-04-24T23:56:41","slug":"sao-juliao-morre-aos-64-anos-dona-rosa-do-matias-mae-do-vereador-joao-neto-leal","status":"publish","type":"post","link":"https:\/\/pinews.com.br\/index.php\/2022\/04\/24\/sao-juliao-morre-aos-64-anos-dona-rosa-do-matias-mae-do-vereador-joao-neto-leal\/","title":{"rendered":"S\u00e3o Juli\u00e3o | morre aos 64 anos, Dona Rosa do Matias, m\u00e3e do vereador Jo\u00e3o Neto Leal"},"content":{"rendered":"\n<p>Morreu nesta tarde de domingo, 24 de abril, em S\u00e3o Juli\u00e3o \u2013 PI, <em>Rosa Susana de Carvalho Leal, de 64 anos de idade.<\/em><\/p>\n\n\n\n<p>De acordo com informa\u00e7\u00f5es de familiares, \u201cRosa do Matias\u201d, como era conhecida por todos, possu\u00eda comorbidades e estava acometida pela Febre Chikungunya, sendo que seu quadro de sa\u00fade havia se agravado nos \u00faltimos dias.<\/p>\n\n\n\n<p><strong><em>Sobre Rosa Susana de Carvalho Leal<\/em><\/strong><\/p>\n\n\n\n<p>Rosa Susana de Carvalho Leal, tinha 64 anos e era casada com \u201cSeu Matias\u201d, com quem tinha dois filhos: a comerciante Marinalva Leal e o comerciante e atual vereador Jo\u00e3o Neto Leal.<\/p>\n\n\n\n<p>Ela era bastante conhecida na cidade por atuar na Leal Farma, empreedimento de sua fam\u00edlia e tamb\u00e9m por ser membro ativo da Igreja Evang\u00e9lica Assembleia de Deus de Miss\u00e3o de S\u00e3o Juli\u00e3o \u2013 PI.<\/p>\n\n\n\n<p><strong>Vel\u00f3rio e sepultamento<\/strong><\/p>\n\n\n\n<p>Familiares informaram ao Portal \u00c9 Not\u00edcias, que o vel\u00f3rio ser\u00e1 realizado na resid\u00eancia da fam\u00edlia, na Rua Severiano Pereira, pr\u00f3ximo ao hospital municipal e seu sepultamento est\u00e1 marcado para esta segunda-feira, dia 25 de abril.<\/p>\n\n\n\n<p><strong>Fonte: Portal \u00c9 Not\u00edcias<\/strong><\/p>\n","protected":false},"excerpt":{"rendered":"<p>Morreu nesta tarde de domingo, 24 de abril, em S\u00e3o Juli\u00e3o \u2013 PI, Rosa Susana de Carvalho Leal, de 64 anos de idade. De acordo com informa\u00e7\u00f5es de familiares, \u201cRosa do Matias\u201d, como era conhecida por todos, possu\u00eda comorbidades e estava acometida pela Febre Chikungunya, sendo que seu quadro de sa\u00fade havia se agravado nos [&hellip;]<\/p>\n","protected":false},"author":1,"featured_media":33291,"comment_status":"open","ping_status":"open","sticky":false,"template":"","format":"standard","meta":{"beyondwords_generate_audio":"","beyondwords_project_id":"","beyondwords_podcast_id":"","beyondwords_hash":"","beyondwords_error_message":"","beyondwords_disabled":"","publish_post_to_speechkit":"","speechkit_generate_audio":"","speechkit_project_id":"","speechkit_podcast_id":"","speechkit_hash":"","speechkit_error_message":"","speechkit_disabled":"","speechkit_access_key":"","speechkit_error":"","speechkit_info":"","speechkit_response":"","speechkit_retries":"","_speechkit_link":"","_speechkit_text":""},"categories":[51,500],"tags":[7762,82,142,7132,6412,499,8689,117,10148,119,5671,8495,362,234],"jetpack_featured_media_url":"https:\/\/pinews.com.br\/wp-content\/uploads\/2022\/04\/c0de3e50-beef-4c16-8e10-bba0d75e9626.jpg","_links":{"self":[{"href":"https:\/\/pinews.com.br\/index.php\/wp-json\/wp\/v2\/posts\/33290"}],"collection":[{"href":"https:\/\/pinews.com.br\/index.php\/wp-json\/wp\/v2\/posts"}],"about":[{"href":"https:\/\/pinews.com.br\/index.php\/wp-json\/wp\/v2\/types\/post"}],"author":[{"embeddable":true,"href":"https:\/\/pinews.com.br\/index.php\/wp-json\/wp\/v2\/users\/1"}],"replies":[{"embeddable":true,"href":"https:\/\/pinews.com.br\/index.php\/wp-json\/wp\/v2\/comments?post=33290"}],"version-history":[{"count":0,"href":"https:\/\/pinews.com.br\/index.php\/wp-json\/wp\/v2\/posts\/33290\/revisions"}],"wp:featuredmedia":[{"embeddable":true,"href":"https:\/\/pinews.com.br\/index.php\/wp-json\/wp\/v2\/media\/33291"}],"wp:attachment":[{"href":"https:\/\/pinews.com.br\/index.php\/wp-json\/wp\/v2\/media?parent=33290"}],"wp:term":[{"taxonomy":"category","embeddable":true,"href":"https:\/\/pinews.com.br\/index.php\/wp-json\/wp\/v2\/categories?post=33290"},{"taxonomy":"post_tag","embeddable":true,"href":"https:\/\/pinews.com.br\/index.php\/wp-json\/wp\/v2\/tags?post=33290"}],"curies":[{"name":"wp","href":"https:\/\/api.w.org\/{rel}","templated":true}]}}