{"id":33391,"date":"2022-04-27T17:24:14","date_gmt":"2022-04-27T20:24:14","guid":{"rendered":"https:\/\/pinews.com.br\/?p=33391"},"modified":"2022-04-27T17:24:14","modified_gmt":"2022-04-27T20:24:14","slug":"wellington-dias-confirma-vinda-de-lula-ao-piaui-e-fala-em-novo-formato-para-bolsa-familia","status":"publish","type":"post","link":"https:\/\/pinews.com.br\/index.php\/2022\/04\/27\/wellington-dias-confirma-vinda-de-lula-ao-piaui-e-fala-em-novo-formato-para-bolsa-familia\/","title":{"rendered":"Wellington Dias confirma vinda de Lula ao Piau\u00ed e fala em novo formato para Bolsa Fam\u00edlia"},"content":{"rendered":"\n<p>O pr\u00e9-candidato ao senador, Wellington Dias (PT), coordenador de campanha do ex-presidente Lula (PT), confirmou nesta quarta-feira (27) uma vista do petista ao Piau\u00ed.&nbsp;<\/p>\n\n\n\n<p>\u201cEle vir\u00e1 ao Piau\u00ed, acertamos uma agenda Nordeste para o come\u00e7o o final de maio e in\u00edcio de junho, ainda n\u00e3o tem uma data acertada\u201d, confirmou.&nbsp;<\/p>\n\n\n\n<p>Segundo o ex-governador, Lula dar\u00e1 in\u00edcio a uma intensa agenda no Nordeste, que est\u00e1 marcada para ocorrer entre o final do m\u00eas de maio e o come\u00e7o do m\u00eas de junho. No Piau\u00ed, estado onde o Bola Fam\u00edlia foi originalmente lan\u00e7ado, o ex-presidente vir\u00e1 anunciar uma nova formata\u00e7\u00e3o para o programa.&nbsp;<\/p>\n\n\n\n<p>\u201cVamos tratar aqui, onde l\u00e1 atr\u00e1s foi lan\u00e7ado o Bolso Fam\u00edlia, um programa de seguran\u00e7a alimentar para o Brasil focado em um novo formato, n\u00e3o ser\u00e1 o mesmo programa. O Lula quer trabalhar esse olhar para as novas gera\u00e7\u00f5es, cujo \u00e9 casar a profissionaliza\u00e7\u00e3o, com a volta dos Pronatec, tanto no campo quanto na cidade\u201d, destacou.&nbsp; &nbsp;<\/p>\n\n\n\n<p>Para Wellington Dias, se for eleito, Lula dar\u00e1 seguimento a essa nova gest\u00e3o com um novo olhar, voltado principalmente para os jovens. O petista, segundo o ex-governador, pretende retomar programas voltados para essa faixa et\u00e1ria, como o Pronatec.&nbsp;<\/p>\n\n\n\n<p>Wellington Dias tamb\u00e9m confirmou que ser\u00e1 no dia 04 de maio o evento que vai chancelar a alian\u00e7a entre PT e PSB, no qual ser\u00e1 oficializada a indica\u00e7\u00e3o de Geraldo Alckmin (PSB) como vice de Lula nestas elei\u00e7\u00f5es.<\/p>\n\n\n\n<p>\u201cO presidente Lula e Geraldo Alckmin estar\u00e3o na coordena\u00e7\u00e3o pol\u00edtica, que no pr\u00f3ximo dia 04 se ter\u00e1 um evento no PSB nacional, onde se ter\u00e1 a oficializa\u00e7\u00e3o do nome do pr\u00e9-candidato Geraldo Alckmin para vice\u201d, destacou.&nbsp;&nbsp;<\/p>\n\n\n\n<p><br><strong>Fonte: Paula Sampaio\/ Cidade Verde<\/strong><\/p>\n","protected":false},"excerpt":{"rendered":"<p>O pr\u00e9-candidato ao senador, Wellington Dias (PT), coordenador de campanha do ex-presidente Lula (PT), confirmou nesta quarta-feira (27) uma vista do petista ao Piau\u00ed.&nbsp; \u201cEle vir\u00e1 ao Piau\u00ed, acertamos uma agenda Nordeste para o come\u00e7o o final de maio e in\u00edcio de junho, ainda n\u00e3o tem uma data acertada\u201d, confirmou.&nbsp; Segundo o ex-governador, Lula dar\u00e1 [&hellip;]<\/p>\n","protected":false},"author":1,"featured_media":33392,"comment_status":"open","ping_status":"open","sticky":false,"template":"","format":"standard","meta":{"beyondwords_generate_audio":"","beyondwords_project_id":"","beyondwords_podcast_id":"","beyondwords_hash":"","beyondwords_error_message":"","beyondwords_disabled":"","publish_post_to_speechkit":"","speechkit_generate_audio":"","speechkit_project_id":"","speechkit_podcast_id":"","speechkit_hash":"","speechkit_error_message":"","speechkit_disabled":"","speechkit_access_key":"","speechkit_error":"","speechkit_info":"","speechkit_response":"","speechkit_retries":"","_speechkit_link":"","_speechkit_text":""},"categories":[134,51,1201],"tags":[132,343,1951,44,787,46,7603,244,10170,346,508,350,52,10171,5484],"jetpack_featured_media_url":"https:\/\/pinews.com.br\/wp-content\/uploads\/2022\/04\/1a44efbf3d71276f100e7fa629f44965.jpg","_links":{"self":[{"href":"https:\/\/pinews.com.br\/index.php\/wp-json\/wp\/v2\/posts\/33391"}],"collection":[{"href":"https:\/\/pinews.com.br\/index.php\/wp-json\/wp\/v2\/posts"}],"about":[{"href":"https:\/\/pinews.com.br\/index.php\/wp-json\/wp\/v2\/types\/post"}],"author":[{"embeddable":true,"href":"https:\/\/pinews.com.br\/index.php\/wp-json\/wp\/v2\/users\/1"}],"replies":[{"embeddable":true,"href":"https:\/\/pinews.com.br\/index.php\/wp-json\/wp\/v2\/comments?post=33391"}],"version-history":[{"count":0,"href":"https:\/\/pinews.com.br\/index.php\/wp-json\/wp\/v2\/posts\/33391\/revisions"}],"wp:featuredmedia":[{"embeddable":true,"href":"https:\/\/pinews.com.br\/index.php\/wp-json\/wp\/v2\/media\/33392"}],"wp:attachment":[{"href":"https:\/\/pinews.com.br\/index.php\/wp-json\/wp\/v2\/media?parent=33391"}],"wp:term":[{"taxonomy":"category","embeddable":true,"href":"https:\/\/pinews.com.br\/index.php\/wp-json\/wp\/v2\/categories?post=33391"},{"taxonomy":"post_tag","embeddable":true,"href":"https:\/\/pinews.com.br\/index.php\/wp-json\/wp\/v2\/tags?post=33391"}],"curies":[{"name":"wp","href":"https:\/\/api.w.org\/{rel}","templated":true}]}}