{"id":33415,"date":"2022-04-28T11:05:55","date_gmt":"2022-04-28T14:05:55","guid":{"rendered":"https:\/\/pinews.com.br\/?p=33415"},"modified":"2022-04-28T11:05:55","modified_gmt":"2022-04-28T14:05:55","slug":"principio-de-incendio-atinge-escola-no-piaui","status":"publish","type":"post","link":"https:\/\/pinews.com.br\/index.php\/2022\/04\/28\/principio-de-incendio-atinge-escola-no-piaui\/","title":{"rendered":"Princ\u00edpio de inc\u00eandio atinge escola no Piau\u00ed"},"content":{"rendered":"\n<p>Um princ\u00edpio de inc\u00eandio atingiu o contador de energia de um col\u00e9gio particular no bairro Marqu\u00eas, zona Norte de Teresina, na manh\u00e3 desta quinta-feira (28).<\/p>\n\n\n\n<p>Equipes do Corpo de Bombeiros foram acionadas ao local e de acordo com o tenente Gabriel Mendes, o fogo j\u00e1 foi controlado e a ocorr\u00eancia segue em andamento.<\/p>\n\n\n\n<p>\u201cFoi um princ\u00edpio de inc\u00eandio no contador de energia e j\u00e1 foi controlado\u201d, ressaltou o tenente. &nbsp;<\/p>\n\n\n\n<p>O Corpo de Bombeiros informou ainda que n\u00e3o houve feridos, apenas danos materiais na parte el\u00e9trica do local.<\/p>\n\n\n\n<p>A princ\u00edpio, os bombeiros acreditam na hip\u00f3tese que um curto-circuito teria iniciado o fogo, mas somente a per\u00edcia dever\u00e1 apontar a real causa do princ\u00edpio de inc\u00eandio.<\/p>\n\n\n\n<p>Por conta do princ\u00edpio de inc\u00eandio, os alunos do col\u00e9gio, a maioria crian\u00e7as, precisaram ser retirados do pr\u00e9dio e a aulas forma interrompidas.<\/p>\n\n\n\n<p>A empresa Equatorial Energia, respons\u00e1vel pelo abastecimento de energia na capital, se manifestou sobre o epis\u00f3dio por meio de nota.<\/p>\n\n\n\n<blockquote class=\"wp-block-quote\"><p><strong>Nota de Esclarecimento <\/strong><\/p><p>A Equatorial Piau\u00ed informa que foi acionada hoje (28), \u00e0s 8h03 horas da manh\u00e3, sobre um curto no medidor de uma escola do Bairro Marqu\u00eas, zona norte de Teresina.<\/p><p>A distribuidora comunica que, neste momento, uma equipe j\u00e1 est\u00e1 no  local, onde vai realizar o desligamento individual da energia do pr\u00e9dio para isolar a \u00e1rea e investigar a causa do problema. A concession\u00e1ria ainda ressalta que vai operacionalizar a troca do medidor danificado juntamente com a equipe t\u00e9cnica do im\u00f3vel e que, se constatado defeito interno nas instala\u00e7\u00f5es do pr\u00e9dio, a responsabilidade pelos reparos \u00e9 da pr\u00f3pria escola.<\/p><\/blockquote>\n\n\n\n<p>At\u00e9 o momento, o col\u00e9gio n\u00e3o s\u00e3o se manifestou oficialmente sobre o ocorrido.&nbsp;<\/p>\n\n\n\n<p><strong>Fonte: Rebeca Lima e Gorete Santos\/ Cidade Verde<\/strong><\/p>\n","protected":false},"excerpt":{"rendered":"<p>Um princ\u00edpio de inc\u00eandio atingiu o contador de energia de um col\u00e9gio particular no bairro Marqu\u00eas, zona Norte de Teresina, na manh\u00e3 desta quinta-feira (28). Equipes do Corpo de Bombeiros foram acionadas ao local e de acordo com o tenente Gabriel Mendes, o fogo j\u00e1 foi controlado e a ocorr\u00eancia segue em andamento. \u201cFoi um [&hellip;]<\/p>\n","protected":false},"author":1,"featured_media":33416,"comment_status":"open","ping_status":"open","sticky":false,"template":"","format":"standard","meta":{"beyondwords_generate_audio":"","beyondwords_project_id":"","beyondwords_podcast_id":"","beyondwords_hash":"","beyondwords_error_message":"","beyondwords_disabled":"","publish_post_to_speechkit":"","speechkit_generate_audio":"","speechkit_project_id":"","speechkit_podcast_id":"","speechkit_hash":"","speechkit_error_message":"","speechkit_disabled":"","speechkit_access_key":"","speechkit_error":"","speechkit_info":"","speechkit_response":"","speechkit_retries":"","_speechkit_link":"","_speechkit_text":""},"categories":[51,81],"tags":[372,44,1425,547,52,8338],"jetpack_featured_media_url":"https:\/\/pinews.com.br\/wp-content\/uploads\/2022\/04\/81ac7287f1056d0a8ab0dc6f127d0bb8.jpg","_links":{"self":[{"href":"https:\/\/pinews.com.br\/index.php\/wp-json\/wp\/v2\/posts\/33415"}],"collection":[{"href":"https:\/\/pinews.com.br\/index.php\/wp-json\/wp\/v2\/posts"}],"about":[{"href":"https:\/\/pinews.com.br\/index.php\/wp-json\/wp\/v2\/types\/post"}],"author":[{"embeddable":true,"href":"https:\/\/pinews.com.br\/index.php\/wp-json\/wp\/v2\/users\/1"}],"replies":[{"embeddable":true,"href":"https:\/\/pinews.com.br\/index.php\/wp-json\/wp\/v2\/comments?post=33415"}],"version-history":[{"count":0,"href":"https:\/\/pinews.com.br\/index.php\/wp-json\/wp\/v2\/posts\/33415\/revisions"}],"wp:featuredmedia":[{"embeddable":true,"href":"https:\/\/pinews.com.br\/index.php\/wp-json\/wp\/v2\/media\/33416"}],"wp:attachment":[{"href":"https:\/\/pinews.com.br\/index.php\/wp-json\/wp\/v2\/media?parent=33415"}],"wp:term":[{"taxonomy":"category","embeddable":true,"href":"https:\/\/pinews.com.br\/index.php\/wp-json\/wp\/v2\/categories?post=33415"},{"taxonomy":"post_tag","embeddable":true,"href":"https:\/\/pinews.com.br\/index.php\/wp-json\/wp\/v2\/tags?post=33415"}],"curies":[{"name":"wp","href":"https:\/\/api.w.org\/{rel}","templated":true}]}}