{"id":33419,"date":"2022-04-28T11:09:59","date_gmt":"2022-04-28T14:09:59","guid":{"rendered":"https:\/\/pinews.com.br\/?p=33419"},"modified":"2022-04-28T11:09:59","modified_gmt":"2022-04-28T14:09:59","slug":"polinter-prende-quatro-suspeitos-de-roubos-de-carros-no-piaui","status":"publish","type":"post","link":"https:\/\/pinews.com.br\/index.php\/2022\/04\/28\/polinter-prende-quatro-suspeitos-de-roubos-de-carros-no-piaui\/","title":{"rendered":"Polinter prende quatro suspeitos de roubos de carros no Piau\u00ed"},"content":{"rendered":"\n<p>Equipes da Delegacia de Pol\u00edcia Interestadual (Polinter) deflagraram na manh\u00e3 desta quinta-feira (28) uma opera\u00e7\u00e3o contra suspeitos do crime de roubo a carros em Teresina. Foram cumpridos quatro mandados de pris\u00e3o preventiva e outros quatro mandados de busca e apreens\u00e3o, em bairros da zona Leste de Teresina.<\/p>\n\n\n\n<p>Segundo o delegado Marcelo Dias, coordenador da Polinter, os alvos da opera\u00e7\u00e3o j\u00e1 eram investigados e s\u00e3o conhecidos da Pol\u00edcia Civil pela pr\u00e1tica de assaltos em Teresina.&nbsp;<\/p>\n\n\n\n<p>\u201cForam quatro mandados de pris\u00e3o. Todos eles assaltantes de ve\u00edculos e motos, muito perigosos e que vivem dessa pr\u00e1tica de assalto\u201d, explicou o delegado<\/p>\n\n\n\n<p>A opera\u00e7\u00e3o de hoje, batizada de \u201cQuinta Livre\u201d,&nbsp; \u00e9 um desdobramento de investiga\u00e7\u00f5es iniciadas nos \u00faltimos meses pelas equipes da Polinter. O objetivo do trabalho \u00e9 tirar de circula\u00e7\u00e3o os autores de roubos de ve\u00edculos que atuam na capital.&nbsp;<\/p>\n\n\n\n<p>\u201cDe acordo com os assaltos, a gente vai identificando os autores e entrando com os pedidos de pris\u00e3o. S\u00f3 esse ano, j\u00e1 cumprimos mais de 50 mandados de pris\u00e3o preventiva, tirando esses assaltantes de circula\u00e7\u00e3o\u201d, destacou o delegado.&nbsp;<\/p>\n\n\n\n<p>Os quatro presos foram levados para a sede da Polinter, na zona Sudeste da capital, e dever\u00e3o ficar \u00e0 disposi\u00e7\u00e3o do poder judici\u00e1rio.&nbsp;<\/p>\n\n\n\n<p><strong>Grupo assaltava a m\u00e3o armada&nbsp;<\/strong><\/p>\n\n\n\n<p>Os quatro que foram presos hoje roubaram os carros \u00e0 m\u00e3o armada e davam um fim diferente para os ve\u00edculos. Segundo o coordenador da Polinter, entre eles estavam o de vender, desmontar e at\u00e9 praticar outros assaltos com os ve\u00edculos oriundos dos assaltos.&nbsp;<\/p>\n\n\n\n<p>&#8220;Era um grupo muito forte, muito perigoso. Se juntavam quatro, cinco, seis em um carro para roubar outro; e os alvos deles era a oportunidade. N\u00e3o importava se era homem, mulher, idoso. Era a oportunidade, a facilidade que eles encontravam&#8221;, destacou o delegado Marcelo Dias. <\/p>\n\n\n\n<p>A Pol\u00edcia conseguiu desarticular a quadrilha ap\u00f3s investigar uma s\u00e9rie de assaltos que estavam acontecendo na zona leste de Teresina. Os presos pertenciam a um mesmo grupo que morava na Vila Miranda Danta, zona Leste de Teresina.&nbsp;<\/p>\n\n\n\n<p>&#8220;Todos os dias eles estavam fazendo assaltos. Isso acabou dando trabalho para a pol\u00edcia. Mas, a gente teve paci\u00eancia de investigar e conseguimos provas suficientes para conseguir a pris\u00e3o preventiva deles&#8221;, acrescentou o delegado.&nbsp;<\/p>\n\n\n\n<p>Quanto aos carros, n\u00e3o havia nenhum modelo espec\u00edfico como alvo do grupo criminoso, segundo o coordenador da Polinter.&nbsp;<\/p>\n\n\n\n<p>Boa parte dos ve\u00edculos roubados foram recuperados e devolvidos \u00e0s v\u00edtimas do grupo criminoso.<\/p>\n\n\n\n<p><strong>Fonte: Natanael Souza e Nataniel Lima\/ Cidade Verde<\/strong><\/p>\n","protected":false},"excerpt":{"rendered":"<p>Equipes da Delegacia de Pol\u00edcia Interestadual (Polinter) deflagraram na manh\u00e3 desta quinta-feira (28) uma opera\u00e7\u00e3o contra suspeitos do crime de roubo a carros em Teresina. Foram cumpridos quatro mandados de pris\u00e3o preventiva e outros quatro mandados de busca e apreens\u00e3o, em bairros da zona Leste de Teresina. Segundo o delegado Marcelo Dias, coordenador da Polinter, [&hellip;]<\/p>\n","protected":false},"author":1,"featured_media":33420,"comment_status":"open","ping_status":"open","sticky":false,"template":"","format":"standard","meta":{"beyondwords_generate_audio":"","beyondwords_project_id":"","beyondwords_podcast_id":"","beyondwords_hash":"","beyondwords_error_message":"","beyondwords_disabled":"","publish_post_to_speechkit":"","speechkit_generate_audio":"","speechkit_project_id":"","speechkit_podcast_id":"","speechkit_hash":"","speechkit_error_message":"","speechkit_disabled":"","speechkit_access_key":"","speechkit_error":"","speechkit_info":"","speechkit_response":"","speechkit_retries":"","_speechkit_link":"","_speechkit_text":""},"categories":[51,78,81],"tags":[1086,44,52,7323,112,772,850,497],"jetpack_featured_media_url":"https:\/\/pinews.com.br\/wp-content\/uploads\/2022\/04\/8929dc6325d5ba177bd9a22ca607e6b9.jpg","_links":{"self":[{"href":"https:\/\/pinews.com.br\/index.php\/wp-json\/wp\/v2\/posts\/33419"}],"collection":[{"href":"https:\/\/pinews.com.br\/index.php\/wp-json\/wp\/v2\/posts"}],"about":[{"href":"https:\/\/pinews.com.br\/index.php\/wp-json\/wp\/v2\/types\/post"}],"author":[{"embeddable":true,"href":"https:\/\/pinews.com.br\/index.php\/wp-json\/wp\/v2\/users\/1"}],"replies":[{"embeddable":true,"href":"https:\/\/pinews.com.br\/index.php\/wp-json\/wp\/v2\/comments?post=33419"}],"version-history":[{"count":0,"href":"https:\/\/pinews.com.br\/index.php\/wp-json\/wp\/v2\/posts\/33419\/revisions"}],"wp:featuredmedia":[{"embeddable":true,"href":"https:\/\/pinews.com.br\/index.php\/wp-json\/wp\/v2\/media\/33420"}],"wp:attachment":[{"href":"https:\/\/pinews.com.br\/index.php\/wp-json\/wp\/v2\/media?parent=33419"}],"wp:term":[{"taxonomy":"category","embeddable":true,"href":"https:\/\/pinews.com.br\/index.php\/wp-json\/wp\/v2\/categories?post=33419"},{"taxonomy":"post_tag","embeddable":true,"href":"https:\/\/pinews.com.br\/index.php\/wp-json\/wp\/v2\/tags?post=33419"}],"curies":[{"name":"wp","href":"https:\/\/api.w.org\/{rel}","templated":true}]}}