{"id":33438,"date":"2022-04-28T17:51:35","date_gmt":"2022-04-28T20:51:35","guid":{"rendered":"https:\/\/pinews.com.br\/?p=33438"},"modified":"2022-04-28T17:51:35","modified_gmt":"2022-04-28T20:51:35","slug":"colisao-entre-carro-da-equatorial-piaui-e-caminhao-deixa-rodovia-br-230-parcialmente-bloqueada","status":"publish","type":"post","link":"https:\/\/pinews.com.br\/index.php\/2022\/04\/28\/colisao-entre-carro-da-equatorial-piaui-e-caminhao-deixa-rodovia-br-230-parcialmente-bloqueada\/","title":{"rendered":"Colis\u00e3o entre carro da Equatorial Piau\u00ed e caminh\u00e3o deixa rodovia BR-230 parcialmente bloqueada"},"content":{"rendered":"\n<p>Um acidente envolvendo uma caminhonete da Equatorial Energia e um caminh\u00e3o que transportava cimento deixou a BR-230 parcialmente bloqueada na manh\u00e3 desta quinta-feira (28), pr\u00f3ximo \u00e0 cidade de Nazar\u00e9 do Piau\u00ed.<\/p>\n\n\n\n<p>Segundo a Equatorial Energia, o ve\u00edculo era conduzido por um funcion\u00e1rio de empresa terceirizada que presta servi\u00e7o para a concession\u00e1ria.&nbsp;Ele foi socorrido e levado para atendimento m\u00e9dico em Oeiras, e passa bem. Leia o comunicado da Equatorial no fim da reportagem.<\/p>\n\n\n\n<p>O acidente aconteceu por volta das 7h da manh\u00e3. O caminh\u00e3o viajava do Rio Grande do Norte com destino a Floriano, e a caminhonete trafegava no sentido contr\u00e1rio, quando colidiram lateralmente. O motorista do caminh\u00e3o n\u00e3o sofreu ferimentos.<\/p>\n\n\n\n<p>A caminhonete ficou destru\u00edda e foi jogada para o acostamento. O caminh\u00e3o saiu da estrada, mas parte da carroceria ficou sobre a pista, bloqueando parcialmente a rodovia.<\/p>\n\n\n\n<p>A Pol\u00edcia Rodovi\u00e1ria Federal foi acionada e uma equipe enviada at\u00e9 o local para retirar o ve\u00edculo da pista.<\/p>\n\n\n\n<figure class=\"wp-block-image is-resized\"><img decoding=\"async\" loading=\"lazy\" src=\"https:\/\/s2.glbimg.com\/lWquDrLJ36aGilFxDMhwxcrmCLo=\/0x0:1280x709\/984x0\/smart\/filters:strip_icc()\/i.s3.glbimg.com\/v1\/AUTH_59edd422c0c84a879bd37670ae4f538a\/internal_photos\/bs\/2022\/E\/0\/7KQMTBTGqEQOe0vm8xAw\/whatsapp-image-2022-04-28-at-12.06.10.jpeg\" alt=\"Colis\u00e3o entre carro da Equatorial Energia e caminh\u00e3o deixa rodovia BR-20 parcialmente bloqueada, em Nazar\u00e9 do Piau\u00ed \u2014 Foto: TV Clube\" width=\"376\" height=\"207\"\/><figcaption>Colis\u00e3o entre carro da Equatorial Energia e caminh\u00e3o deixa rodovia BR-230 parcialmente bloqueada, em Nazar\u00e9 do Piau\u00ed \u2014 Foto: TV Clube<\/figcaption><\/figure>\n\n\n\n<p><strong>Leia abaixo o comunicado da Equatorial Energia sobre o caso:<\/strong><\/p>\n\n\n\n<p><em>Nota Esclarecimento<\/em><\/p>\n\n\n\n<p><em>A Equatorial Piau\u00ed informa que, na manh\u00e3 desta quinta-feira (28), um ve\u00edculo de uma empresa terceirizada se envolveu em um acidente na BR-230, pr\u00f3ximo ao munic\u00edpio de Nazar\u00e9 do Piau\u00ed. O colaborador terceirizado foi encaminhado para avalia\u00e7\u00e3o m\u00e9dica na cidade de Oeiras, onde passa bem e segue em observa\u00e7\u00e3o. A Concession\u00e1ria ressalta que est\u00e1 prestando toda a assist\u00eancia necess\u00e1ria ao funcion\u00e1rio e segue \u00e0 disposi\u00e7\u00e3o das autoridades para apurar a din\u00e2mica do acidente.<\/em><\/p>\n\n\n\n<p><strong>Fonte: G1 PI<\/strong><\/p>\n","protected":false},"excerpt":{"rendered":"<p>Um acidente envolvendo uma caminhonete da Equatorial Energia e um caminh\u00e3o que transportava cimento deixou a BR-230 parcialmente bloqueada na manh\u00e3 desta quinta-feira (28), pr\u00f3ximo \u00e0 cidade de Nazar\u00e9 do Piau\u00ed. Segundo a Equatorial Energia, o ve\u00edculo era conduzido por um funcion\u00e1rio de empresa terceirizada que presta servi\u00e7o para a concession\u00e1ria.&nbsp;Ele foi socorrido e levado [&hellip;]<\/p>\n","protected":false},"author":1,"featured_media":33439,"comment_status":"open","ping_status":"open","sticky":false,"template":"","format":"standard","meta":{"beyondwords_generate_audio":"","beyondwords_project_id":"","beyondwords_podcast_id":"","beyondwords_hash":"","beyondwords_error_message":"","beyondwords_disabled":"","publish_post_to_speechkit":"","speechkit_generate_audio":"","speechkit_project_id":"","speechkit_podcast_id":"","speechkit_hash":"","speechkit_error_message":"","speechkit_disabled":"","speechkit_access_key":"","speechkit_error":"","speechkit_info":"","speechkit_response":"","speechkit_retries":"","_speechkit_link":"","_speechkit_text":""},"categories":[51],"tags":[10178,171,188,62,256,122,252,178,984,5976,52,190],"jetpack_featured_media_url":"https:\/\/pinews.com.br\/wp-content\/uploads\/2022\/04\/whatsapp-image-2022-04-28-at-12.05.19.jpeg","_links":{"self":[{"href":"https:\/\/pinews.com.br\/index.php\/wp-json\/wp\/v2\/posts\/33438"}],"collection":[{"href":"https:\/\/pinews.com.br\/index.php\/wp-json\/wp\/v2\/posts"}],"about":[{"href":"https:\/\/pinews.com.br\/index.php\/wp-json\/wp\/v2\/types\/post"}],"author":[{"embeddable":true,"href":"https:\/\/pinews.com.br\/index.php\/wp-json\/wp\/v2\/users\/1"}],"replies":[{"embeddable":true,"href":"https:\/\/pinews.com.br\/index.php\/wp-json\/wp\/v2\/comments?post=33438"}],"version-history":[{"count":0,"href":"https:\/\/pinews.com.br\/index.php\/wp-json\/wp\/v2\/posts\/33438\/revisions"}],"wp:featuredmedia":[{"embeddable":true,"href":"https:\/\/pinews.com.br\/index.php\/wp-json\/wp\/v2\/media\/33439"}],"wp:attachment":[{"href":"https:\/\/pinews.com.br\/index.php\/wp-json\/wp\/v2\/media?parent=33438"}],"wp:term":[{"taxonomy":"category","embeddable":true,"href":"https:\/\/pinews.com.br\/index.php\/wp-json\/wp\/v2\/categories?post=33438"},{"taxonomy":"post_tag","embeddable":true,"href":"https:\/\/pinews.com.br\/index.php\/wp-json\/wp\/v2\/tags?post=33438"}],"curies":[{"name":"wp","href":"https:\/\/api.w.org\/{rel}","templated":true}]}}