{"id":3349,"date":"2020-01-01T13:00:08","date_gmt":"2020-01-01T16:00:08","guid":{"rendered":"https:\/\/pinews.com.br\/?p=3349"},"modified":"2020-01-01T13:00:08","modified_gmt":"2020-01-01T16:00:08","slug":"ex-vereador-morre-apos-perder-o-controle-de-veiculo-e-capotar-em-curva-no-litoral-do-piaui","status":"publish","type":"post","link":"https:\/\/pinews.com.br\/index.php\/2020\/01\/01\/ex-vereador-morre-apos-perder-o-controle-de-veiculo-e-capotar-em-curva-no-litoral-do-piaui\/","title":{"rendered":"Ex-vereador morre ap\u00f3s perder o controle de ve\u00edculo e capotar em curva no litoral do Piau\u00ed"},"content":{"rendered":"\n<p style=\"text-align:justify\">Na madrugada desta quarta-feira (01\/01\/2020), um grave acidente automobil\u00edstico resultou na morte do ex-vereador de Araioses (MA), e bacharel em Direito, T\u00e9cio Cesar Duarte J\u00fanior, de 64 anos. O caso ocorreu na PI-116, estrada de acesso \u00e0 praia de Pedra do Sal, em Parna\u00edba, litoral do Piau\u00ed. As informa\u00e7\u00f5es s\u00e3o do Jornal da Parna\u00edba.<\/p>\n\n\n\n<figure class=\"wp-block-image\"><img decoding=\"async\" src=\"https:\/\/static.meionorte.com\/uploads\/imagens\/2020\/1\/1\/dd19a562-5ffe-428c-880d-be1a84beb78d-e66c4a80-bb70-4e81-bf30-31a3d59638e3.jpg\" alt=\"\"\/><\/figure>\n\n\n\n<p style=\"text-align:justify\">Segundo as informa\u00e7\u00f5es, o condutor do veiculo modelo Gol, de cor prata, teria perdido o controle, saiu da pista e capotou em seguida. Quatro pessoas estavam no carro e teriam sido sacadas para fora. O ex-vereador veio a \u00f3bito ainda no local.&nbsp;<\/p>\n\n\n\n<p style=\"text-align:justify\">Os feridos foram socorridos pelo Servi\u00e7o de Atendimento M\u00f3vel de Urg\u00eancia (SAMU) e encaminhados para o Hospital Estadual Dirceu Arcoverde (HEDA), em Parna\u00edba.<\/p>\n\n\n\n<figure class=\"wp-block-image\"><img decoding=\"async\" src=\"https:\/\/static.meionorte.com\/uploads\/imagens\/2020\/1\/1\/b849f4a9-9258-4f3a-9291-564307bb4f6e-f8e799a2-846e-4d7a-81ae-73b147d369ee.jpg\" alt=\"\"\/><\/figure>\n\n\n\n<p style=\"text-align:justify\">Agentes do Instituto de Medicina Legal (IML) foram acionados ao local para fazer a remo\u00e7\u00e3o do corpo, para em seguida ser feita a realiza\u00e7\u00e3o do laudo cadav\u00e9rico.<\/p>\n\n\n\n<p style=\"text-align:justify\">A prefeitura de Araioses emitiu uma nota de pesar lamentando o ocorrido e deixando sua mensagem de apoio para a fam\u00edlia do ex-vereador.&nbsp;<\/p>\n\n\n\n<p><em><strong>Nota de Pesar<\/strong><\/em><\/p>\n\n\n\n<p style=\"text-align:justify\"><em>\u201cA Prefeitura Municipal de Araioses externa o profundo pesar pelo falecimento de Tecio Cesar Duarte Junior, ocorrido nesta quarta-feira (01).<\/em><\/p>\n\n\n\n<p style=\"text-align:justify\"><em>\u00c9 sempre motivo de muita dor, sobretudo quando temos a certeza de que este zelou pela sua fam\u00edlia, protegendo-a e orientando-a com carinho e respeito, sem d\u00favida alguma nos deixa perplexos e enlutados.<\/em><\/p>\n\n\n\n<p style=\"text-align:justify\"><em>Neste momento nos unimos em ora\u00e7\u00e3o \u00e0 sua fam\u00edlia e&nbsp;amigos&nbsp;para que esta perda possa ser compreendida com a esperan\u00e7a do conforto de Deus.<\/em><\/p>\n\n\n\n<p style=\"text-align:justify\"><em>Apresentamos os nossos sentimentos.\u201d<\/em><\/p>\n\n\n\n<p>Fotos: Reprodu\u00e7\u00e3o <\/p>\n\n\n\n<p><strong>Fonte: Portal  Saiba Mais<\/strong> <\/p>\n\n\n\n<p><strong>Com informa\u00e7\u00f5es do Jornal da Parna\u00edba<\/strong> <\/p>\n","protected":false},"excerpt":{"rendered":"<p>Na madrugada desta quarta-feira (01\/01\/2020), um grave acidente automobil\u00edstico resultou na morte do ex-vereador de Araioses (MA), e bacharel em Direito, T\u00e9cio Cesar Duarte J\u00fanior, de 64 anos. O caso ocorreu na PI-116, estrada de acesso \u00e0 praia de Pedra do Sal, em Parna\u00edba, litoral do Piau\u00ed. As informa\u00e7\u00f5es s\u00e3o do Jornal da Parna\u00edba. Segundo [&hellip;]<\/p>\n","protected":false},"author":1,"featured_media":3350,"comment_status":"open","ping_status":"open","sticky":false,"template":"","format":"standard","meta":{"beyondwords_generate_audio":"","beyondwords_project_id":"","beyondwords_podcast_id":"","beyondwords_hash":"","beyondwords_error_message":"","beyondwords_disabled":"","publish_post_to_speechkit":"","speechkit_generate_audio":"","speechkit_project_id":"","speechkit_podcast_id":"","speechkit_hash":"","speechkit_error_message":"","speechkit_disabled":"","speechkit_access_key":"","speechkit_error":"","speechkit_info":"","speechkit_response":"","speechkit_retries":"","_speechkit_link":"","_speechkit_text":""},"categories":[51],"tags":[939,1827,119,52,158],"jetpack_featured_media_url":"","_links":{"self":[{"href":"https:\/\/pinews.com.br\/index.php\/wp-json\/wp\/v2\/posts\/3349"}],"collection":[{"href":"https:\/\/pinews.com.br\/index.php\/wp-json\/wp\/v2\/posts"}],"about":[{"href":"https:\/\/pinews.com.br\/index.php\/wp-json\/wp\/v2\/types\/post"}],"author":[{"embeddable":true,"href":"https:\/\/pinews.com.br\/index.php\/wp-json\/wp\/v2\/users\/1"}],"replies":[{"embeddable":true,"href":"https:\/\/pinews.com.br\/index.php\/wp-json\/wp\/v2\/comments?post=3349"}],"version-history":[{"count":0,"href":"https:\/\/pinews.com.br\/index.php\/wp-json\/wp\/v2\/posts\/3349\/revisions"}],"wp:featuredmedia":[{"embeddable":true,"href":"https:\/\/pinews.com.br\/index.php\/wp-json\/"}],"wp:attachment":[{"href":"https:\/\/pinews.com.br\/index.php\/wp-json\/wp\/v2\/media?parent=3349"}],"wp:term":[{"taxonomy":"category","embeddable":true,"href":"https:\/\/pinews.com.br\/index.php\/wp-json\/wp\/v2\/categories?post=3349"},{"taxonomy":"post_tag","embeddable":true,"href":"https:\/\/pinews.com.br\/index.php\/wp-json\/wp\/v2\/tags?post=3349"}],"curies":[{"name":"wp","href":"https:\/\/api.w.org\/{rel}","templated":true}]}}