{"id":33541,"date":"2022-05-01T12:15:57","date_gmt":"2022-05-01T15:15:57","guid":{"rendered":"https:\/\/pinews.com.br\/?p=33541"},"modified":"2022-05-01T12:15:57","modified_gmt":"2022-05-01T15:15:57","slug":"homem-e-preso-por-roubo-24h-apos-ser-liberado-de-prisao-no-piaui","status":"publish","type":"post","link":"https:\/\/pinews.com.br\/index.php\/2022\/05\/01\/homem-e-preso-por-roubo-24h-apos-ser-liberado-de-prisao-no-piaui\/","title":{"rendered":"Homem \u00e9 preso por roubo 24h ap\u00f3s ser liberado de pris\u00e3o no Piau\u00ed"},"content":{"rendered":"\n<p>A Pol\u00edcia Militar de Campo Maior prendeu um homem 24h ap\u00f3s ele receber libera\u00e7\u00e3o para sair do pres\u00eddio onde estava detido. Segundo informa\u00e7\u00f5es do major Etevaldo Alves, o suspeito foi flagrado roubando uma motocicleta e em seguida tamb\u00e9m teria rendido uma v\u00edtima no munic\u00edpio.&nbsp;<\/p>\n\n\n\n<p>De acordo com as informa\u00e7\u00f5es divulgadas, o suspeito de iniciais J.M.G.S., conhecido como &#8220;Farinha&#8221;, havia sido liberado da pris\u00e3o \u00e0s 17h da sexta-feira (29) e iniciou a pr\u00e1tica dos crime \u00e0s 15h do s\u00e1bado (30).&nbsp;<\/p>\n\n\n\n<p>Policiais do 15\u00b0 Batalh\u00e3o foram acionados, conseguiram localizar a motocicleta e identificar o homem.&nbsp;<\/p>\n\n\n\n<p>A For\u00e7a T\u00e1tica recebeu a informa\u00e7\u00e3o de que &#8220;Farinha&#8221; estava no bairro Renascer, onde reside, e conseguiu prend\u00ea-lo, recuperando um celular roubado e um cart\u00e3o de cr\u00e9dito de uma das v\u00edtimas.&nbsp;<\/p>\n\n\n\n<p>Ele recebeu voz de pris\u00e3o e foi conduzido para ser autuado mais uma vez por roubo, crime pelo qual j\u00e1 respondeu outras vezes.<\/p>\n\n\n\n<p><br><strong>Fonte: Paula Sampaio\/ Cidade Verde<\/strong><\/p>\n","protected":false},"excerpt":{"rendered":"<p>A Pol\u00edcia Militar de Campo Maior prendeu um homem 24h ap\u00f3s ele receber libera\u00e7\u00e3o para sair do pres\u00eddio onde estava detido. Segundo informa\u00e7\u00f5es do major Etevaldo Alves, o suspeito foi flagrado roubando uma motocicleta e em seguida tamb\u00e9m teria rendido uma v\u00edtima no munic\u00edpio.&nbsp; De acordo com as informa\u00e7\u00f5es divulgadas, o suspeito de iniciais J.M.G.S., [&hellip;]<\/p>\n","protected":false},"author":1,"featured_media":33542,"comment_status":"open","ping_status":"open","sticky":false,"template":"","format":"standard","meta":{"beyondwords_generate_audio":"","beyondwords_project_id":"","beyondwords_podcast_id":"","beyondwords_hash":"","beyondwords_error_message":"","beyondwords_disabled":"","publish_post_to_speechkit":"","speechkit_generate_audio":"","speechkit_project_id":"","speechkit_podcast_id":"","speechkit_hash":"","speechkit_error_message":"","speechkit_disabled":"","speechkit_access_key":"","speechkit_error":"","speechkit_info":"","speechkit_response":"","speechkit_retries":"","_speechkit_link":"","_speechkit_text":""},"categories":[51,78],"tags":[7821,70,44,72,84,5855,52,59,79,670,890,139],"jetpack_featured_media_url":"https:\/\/pinews.com.br\/wp-content\/uploads\/2022\/05\/084adb25685e275c667ea5d538c47d17.jpg","_links":{"self":[{"href":"https:\/\/pinews.com.br\/index.php\/wp-json\/wp\/v2\/posts\/33541"}],"collection":[{"href":"https:\/\/pinews.com.br\/index.php\/wp-json\/wp\/v2\/posts"}],"about":[{"href":"https:\/\/pinews.com.br\/index.php\/wp-json\/wp\/v2\/types\/post"}],"author":[{"embeddable":true,"href":"https:\/\/pinews.com.br\/index.php\/wp-json\/wp\/v2\/users\/1"}],"replies":[{"embeddable":true,"href":"https:\/\/pinews.com.br\/index.php\/wp-json\/wp\/v2\/comments?post=33541"}],"version-history":[{"count":0,"href":"https:\/\/pinews.com.br\/index.php\/wp-json\/wp\/v2\/posts\/33541\/revisions"}],"wp:featuredmedia":[{"embeddable":true,"href":"https:\/\/pinews.com.br\/index.php\/wp-json\/wp\/v2\/media\/33542"}],"wp:attachment":[{"href":"https:\/\/pinews.com.br\/index.php\/wp-json\/wp\/v2\/media?parent=33541"}],"wp:term":[{"taxonomy":"category","embeddable":true,"href":"https:\/\/pinews.com.br\/index.php\/wp-json\/wp\/v2\/categories?post=33541"},{"taxonomy":"post_tag","embeddable":true,"href":"https:\/\/pinews.com.br\/index.php\/wp-json\/wp\/v2\/tags?post=33541"}],"curies":[{"name":"wp","href":"https:\/\/api.w.org\/{rel}","templated":true}]}}