{"id":3369,"date":"2020-01-02T12:30:03","date_gmt":"2020-01-02T15:30:03","guid":{"rendered":"https:\/\/pinews.com.br\/?p=3369"},"modified":"2020-01-02T12:30:03","modified_gmt":"2020-01-02T15:30:03","slug":"pai-e-preso-acusado-de-estuprar-a-filha-de-14-anos-no-piaui","status":"publish","type":"post","link":"https:\/\/pinews.com.br\/index.php\/2020\/01\/02\/pai-e-preso-acusado-de-estuprar-a-filha-de-14-anos-no-piaui\/","title":{"rendered":"Pai \u00e9 preso acusado de estuprar a filha de 14 anos no Piau\u00ed"},"content":{"rendered":"\n<p>Foto: Reprodu\u00e7\u00e3o <\/p>\n\n\n\n<p style=\"text-align:justify\">A equipe de plant\u00e3o do 5\u00b0 Batalh\u00e3o da Pol\u00edcia Militar (BPM), confirmou , na tarde de quarta-feira (1\u00b0), que um homem identificado como Mauro&nbsp;C\u00e9sar&nbsp;de Jesus, de 47 anos, foi preso em flagrante acusado de estuprar a pr\u00f3pria filha de apenas 14 anos, no povoado Anaj\u00e1s, na zona rural Leste de Teresina.<\/p>\n\n\n\n<p style=\"text-align:justify\">O 5\u00ba BPM disse que Mauro&nbsp;C\u00e9sar&nbsp;foi pelo pelos policiais da For\u00e7a T\u00e1tica e encaminhado para a Central de Flagrantes de Teresina, onde foi indiciado por estupro de vulner\u00e1vel.<\/p>\n\n\n\n<p style=\"text-align:justify\">Os policiais da For\u00e7a T\u00e1tica foram acionados pelo Centro de Opera\u00e7\u00f5es Policiais Militares (Copon)da Pol\u00edcia Militar para atenderem a um chamado dos moradores do povoado Anaj\u00e1s sobre o estupro de uma adolescente de 14 anos e se supreenderam que o acusado da viol\u00eancia era o pai da v\u00edtima, que negou o crime.<\/p>\n\n\n\n<p><strong>Fonte: Meio Norte<\/strong><\/p>\n","protected":false},"excerpt":{"rendered":"<p>Foto: Reprodu\u00e7\u00e3o A equipe de plant\u00e3o do 5\u00b0 Batalh\u00e3o da Pol\u00edcia Militar (BPM), confirmou , na tarde de quarta-feira (1\u00b0), que um homem identificado como Mauro&nbsp;C\u00e9sar&nbsp;de Jesus, de 47 anos, foi preso em flagrante acusado de estuprar a pr\u00f3pria filha de apenas 14 anos, no povoado Anaj\u00e1s, na zona rural Leste de Teresina. O 5\u00ba [&hellip;]<\/p>\n","protected":false},"author":1,"featured_media":3370,"comment_status":"open","ping_status":"open","sticky":false,"template":"","format":"standard","meta":{"beyondwords_generate_audio":"","beyondwords_project_id":"","beyondwords_podcast_id":"","beyondwords_hash":"","beyondwords_error_message":"","beyondwords_disabled":"","publish_post_to_speechkit":"","speechkit_generate_audio":"","speechkit_project_id":"","speechkit_podcast_id":"","speechkit_hash":"","speechkit_error_message":"","speechkit_disabled":"","speechkit_access_key":"","speechkit_error":"","speechkit_info":"","speechkit_response":"","speechkit_retries":"","_speechkit_link":"","_speechkit_text":""},"categories":[51,78],"tags":[348,358,290,52,79],"jetpack_featured_media_url":"","_links":{"self":[{"href":"https:\/\/pinews.com.br\/index.php\/wp-json\/wp\/v2\/posts\/3369"}],"collection":[{"href":"https:\/\/pinews.com.br\/index.php\/wp-json\/wp\/v2\/posts"}],"about":[{"href":"https:\/\/pinews.com.br\/index.php\/wp-json\/wp\/v2\/types\/post"}],"author":[{"embeddable":true,"href":"https:\/\/pinews.com.br\/index.php\/wp-json\/wp\/v2\/users\/1"}],"replies":[{"embeddable":true,"href":"https:\/\/pinews.com.br\/index.php\/wp-json\/wp\/v2\/comments?post=3369"}],"version-history":[{"count":0,"href":"https:\/\/pinews.com.br\/index.php\/wp-json\/wp\/v2\/posts\/3369\/revisions"}],"wp:featuredmedia":[{"embeddable":true,"href":"https:\/\/pinews.com.br\/index.php\/wp-json\/"}],"wp:attachment":[{"href":"https:\/\/pinews.com.br\/index.php\/wp-json\/wp\/v2\/media?parent=3369"}],"wp:term":[{"taxonomy":"category","embeddable":true,"href":"https:\/\/pinews.com.br\/index.php\/wp-json\/wp\/v2\/categories?post=3369"},{"taxonomy":"post_tag","embeddable":true,"href":"https:\/\/pinews.com.br\/index.php\/wp-json\/wp\/v2\/tags?post=3369"}],"curies":[{"name":"wp","href":"https:\/\/api.w.org\/{rel}","templated":true}]}}