{"id":33823,"date":"2022-05-06T19:14:44","date_gmt":"2022-05-06T22:14:44","guid":{"rendered":"https:\/\/pinews.com.br\/?p=33823"},"modified":"2022-05-06T19:14:44","modified_gmt":"2022-05-06T22:14:44","slug":"aluno-de-14-anos-ataca-tres-colegas-a-facadas-em-escola","status":"publish","type":"post","link":"https:\/\/pinews.com.br\/index.php\/2022\/05\/06\/aluno-de-14-anos-ataca-tres-colegas-a-facadas-em-escola\/","title":{"rendered":"Aluno de 14 anos ataca tr\u00eas colegas a facadas em escola"},"content":{"rendered":"\n<p>RIO &#8211; Um adolescente de 14 anos, aluno da Escola Municipal Brigadeiro Eduardo Gomes, no Jardim Guanabara, na <strong>Ilha do Governador<\/strong> (zona norte do Rio), atacou com uma faca de cozinha tr\u00eas colegas de sala, dentro da escola, \u00e0s 9h35 desta sexta-feira, 6. As duas adolescentes e um adolescente atingidos, tamb\u00e9m de 14 anos, sofreram ferimentos leves, segundo a secretaria municipal de Educa\u00e7\u00e3o, e foram encaminhados ao Hospital Municipal Evandro Freire, tamb\u00e9m na Ilha do Governador.<\/p>\n\n\n\n<p>Uma das meninas foi atingida no rosto, no pesco\u00e7o e no abd\u00f4men. O agressor tamb\u00e9m se feriu nas m\u00e3os e foi encaminhado ao mesmo hospital. Quando sair, ele ser\u00e1 apreendido por fato an\u00e1logo ao crime de tentativa de homic\u00eddio.<\/p>\n\n\n\n<p>Segundo os primeiros relatos, o aluno atacou uma colega, e outros dois alunos perceberam primeiro e tentaram impedir a agress\u00e3o. Todos esses se feriram. Um professor tamb\u00e9m percebeu o ataque e lan\u00e7ou uma cadeira contra o agressor. O aluno estaria gravando sua pr\u00f3pria a\u00e7\u00e3o com o celular, que foi apreendido. \u00c0s 13h, peritos da Pol\u00edcia Civil estavam na escola, que teve as aulas suspensas.<\/p>\n\n\n\n<p id=\"continueReadBreak\">O caso est\u00e1 sendo investigado pela 37\u00aa DP (Ilha do Governador). Segundo a Pol\u00edcia Civil, em depoimento, a m\u00e3e do adolescente agressor informou que o filho tem problemas psicol\u00f3gicos e j\u00e1 estava em tratamento com psic\u00f3logo e psiquiatra. A fam\u00edlia mora em uma comunidade da Ilha.<\/p>\n\n\n\n<p>O prefeito do Rio, Eduardo Paes (PSD), chegou ao local do crime por volta das 11h30. &#8220;Um pouco antes do feriado da Semana Santa, ele<em>&nbsp;(o aluno que agrediu os colegas)<\/em>&nbsp;j\u00e1 vinha demonstrando um comportamento agressivo. Pelo que a diretora me relatou, isso j\u00e1 havia sido encaminhado para o Caps (centro municipal de atendimento psicosocial), e o psic\u00f3logo j\u00e1 teria feito uma primeira an\u00e1lise. Gra\u00e7as a Deus e \u00e0 coragem de um professor, as crian\u00e7as est\u00e3o sem qualquer perigo. Parece que o professor conseguiu intervir com uma cadeira e imobilizar o rapaz. Vamos ter de ter uma aten\u00e7\u00e3o especial com essa escola a partir de segunda-feira&#8221;, disse Paes.<\/p>\n\n\n\n<p>&#8220;N\u00e3o fazemos vistoria em todos os alunos da rede municipal de ensino&#8221;, afirmou o prefeito, sobre o aluno estar com uma faca. &#8220;O que a rede faz sempre \u00e9 um monitoramento, tanto que esse aluno j\u00e1 estava sob observa\u00e7\u00e3o. Infelizmente, pelo que soube at\u00e9 agora, parece que n\u00e3o houve tempo suficiente para o problema ser identificado e at\u00e9, eventualmente, afastado. A informa\u00e7\u00e3o que tenho \u00e9 que ele estaria com uma chamada de v\u00eddeo e j\u00e1 tinha feito alguma automutila\u00e7\u00e3o. Os pais dele estiveram aqui <em>(na escola)<\/em>. Parece que, no momento, era o intervalo de uma aula para outra&#8221;, completou Paes.<\/p>\n\n\n\n<p><strong>Fonte: Estad\u00e3o<\/strong><\/p>\n","protected":false},"excerpt":{"rendered":"<p>RIO &#8211; Um adolescente de 14 anos, aluno da Escola Municipal Brigadeiro Eduardo Gomes, no Jardim Guanabara, na Ilha do Governador (zona norte do Rio), atacou com uma faca de cozinha tr\u00eas colegas de sala, dentro da escola, \u00e0s 9h35 desta sexta-feira, 6. As duas adolescentes e um adolescente atingidos, tamb\u00e9m de 14 anos, sofreram [&hellip;]<\/p>\n","protected":false},"author":1,"featured_media":33824,"comment_status":"open","ping_status":"open","sticky":false,"template":"","format":"standard","meta":{"beyondwords_generate_audio":"","beyondwords_project_id":"","beyondwords_podcast_id":"","beyondwords_hash":"","beyondwords_error_message":"","beyondwords_disabled":"","publish_post_to_speechkit":"","speechkit_generate_audio":"","speechkit_project_id":"","speechkit_podcast_id":"","speechkit_hash":"","speechkit_error_message":"","speechkit_disabled":"","speechkit_access_key":"","speechkit_error":"","speechkit_info":"","speechkit_response":"","speechkit_retries":"","_speechkit_link":"","_speechkit_text":""},"categories":[1184,134,68],"tags":[827,282,82,8075,10219,44,46,1425,479,239],"jetpack_featured_media_url":"https:\/\/pinews.com.br\/wp-content\/uploads\/2022\/05\/1651850802864.webp","_links":{"self":[{"href":"https:\/\/pinews.com.br\/index.php\/wp-json\/wp\/v2\/posts\/33823"}],"collection":[{"href":"https:\/\/pinews.com.br\/index.php\/wp-json\/wp\/v2\/posts"}],"about":[{"href":"https:\/\/pinews.com.br\/index.php\/wp-json\/wp\/v2\/types\/post"}],"author":[{"embeddable":true,"href":"https:\/\/pinews.com.br\/index.php\/wp-json\/wp\/v2\/users\/1"}],"replies":[{"embeddable":true,"href":"https:\/\/pinews.com.br\/index.php\/wp-json\/wp\/v2\/comments?post=33823"}],"version-history":[{"count":0,"href":"https:\/\/pinews.com.br\/index.php\/wp-json\/wp\/v2\/posts\/33823\/revisions"}],"wp:featuredmedia":[{"embeddable":true,"href":"https:\/\/pinews.com.br\/index.php\/wp-json\/wp\/v2\/media\/33824"}],"wp:attachment":[{"href":"https:\/\/pinews.com.br\/index.php\/wp-json\/wp\/v2\/media?parent=33823"}],"wp:term":[{"taxonomy":"category","embeddable":true,"href":"https:\/\/pinews.com.br\/index.php\/wp-json\/wp\/v2\/categories?post=33823"},{"taxonomy":"post_tag","embeddable":true,"href":"https:\/\/pinews.com.br\/index.php\/wp-json\/wp\/v2\/tags?post=33823"}],"curies":[{"name":"wp","href":"https:\/\/api.w.org\/{rel}","templated":true}]}}