{"id":33856,"date":"2022-05-08T12:11:19","date_gmt":"2022-05-08T15:11:19","guid":{"rendered":"https:\/\/pinews.com.br\/?p=33856"},"modified":"2022-05-08T12:11:19","modified_gmt":"2022-05-08T15:11:19","slug":"cabeleireira-vive-o-primeiro-dia-das-maes-apos-adotar-tres-irmaos-no-piaui-quero-aproveitar-cada-minutinho","status":"publish","type":"post","link":"https:\/\/pinews.com.br\/index.php\/2022\/05\/08\/cabeleireira-vive-o-primeiro-dia-das-maes-apos-adotar-tres-irmaos-no-piaui-quero-aproveitar-cada-minutinho\/","title":{"rendered":"Cabeleireira vive o primeiro Dia das M\u00e3es ap\u00f3s adotar tr\u00eas irm\u00e3os no Piau\u00ed: \u2018quero aproveitar cada minutinho\u2019"},"content":{"rendered":"\n<p>A cabelereira Maria Elizete Sousa vive o primeiro dia das m\u00e3es neste domingo (8). Natural de Capit\u00e3o de Campos, no Norte do Piau\u00ed, ela mora em S\u00e3o Paulo h\u00e1 26 anos, mas h\u00e1 sete meses voltou ao estado natal para buscar os tr\u00eas filhos, irm\u00e3os piauienses que foram adotados por ela e o marido.<\/p>\n\n\n\n<p>Hoje a fam\u00edlia vive uma nova rotina, no interior de S\u00e3o Paulo. A cabelereira contou ao g1 que est\u00e1 com marido h\u00e1 17 anos e a decis\u00e3o de entrar na fila para ado\u00e7\u00e3o aconteceu no in\u00edcio de 2017, por sugest\u00e3o dele.<\/p>\n\n\n\n<p>A ideia veio ap\u00f3s Maria Elizete passar por uma s\u00e9rie de cirurgias e sofrimento causados por um problema grave de endometriose, que impossibilitou seu sonho de ser gerar um filho, mas que, gra\u00e7as \u00e0 sugest\u00e3o do marido,&nbsp;n\u00e3o a impediu de ser m\u00e3e.<\/p>\n\n\n\n<figure class=\"wp-block-image is-resized\"><img decoding=\"async\" loading=\"lazy\" src=\"https:\/\/s2.glbimg.com\/h0DXFrws9pCp7gnzPct1MJuaRNo=\/245x713:871x1203\/984x0\/smart\/filters:strip_icc()\/i.s3.glbimg.com\/v1\/AUTH_59edd422c0c84a879bd37670ae4f538a\/internal_photos\/bs\/2022\/2\/Q\/TGiocEQ2aLXBUA9MEvIw\/mae-e-filhos-1.jpg\" alt=\"Maria Elizete e os tr\u00eas filhos durante passeio em S\u00e3o Paulo \u2014 Foto: Reprodu\u00e7\u00e3o Pessoal\" width=\"377\" height=\"295\"\/><figcaption>Maria Elizete e os tr\u00eas filhos durante passeio em S\u00e3o Paulo \u2014 Foto: Reprodu\u00e7\u00e3o Pessoal<\/figcaption><\/figure>\n\n\n\n<p>Ela, que se considerava uma pessoa avessa a surpresas, agora aguarda o que os filhos e o marido est\u00e3o preparando para comemorar&nbsp;o primeiro dia das m\u00e3es&nbsp;com a fam\u00edlia completa.<\/p>\n\n\n\n<p>\u201cFalei pra eles que quero seja tudo surpresa. Na verdade \u00e9 uma ironia da minha parte, porque detesto, ou melhor, detestava surpresas, tudo era planejado entre n\u00f3s dois. Mas desta vez quero ser surpreendida, quero sentir todas as emo\u00e7\u00f5es poss\u00edveis. Est\u00e1 tudo nas m\u00e3os deles\u201d, contou Elizete.<\/p>\n\n\n\n<p>Sobre a nova rotina em fam\u00edlia, a cabelereira disse que agora faz o acompanhamento escolar das duas meninas, de cinco e sete anos, que est\u00e3o no Jardim II e 2\u00ba ano do fundamental.<\/p>\n\n\n\n<p>Elizete contou emocionada sobre a primeira reuni\u00e3o de pais na escola em que participou e que sentiu orgulho ao saber que a filha est\u00e1 se adaptando bem ao ambiente escolar.<\/p>\n\n\n\n<p>\u201cFoi uma emo\u00e7\u00e3o s\u00f3, como se fosse o meu primeiro dia de aula. Eu estava euf\u00f3rica, prestando aten\u00e7\u00e3o em cada detalhe da sala, observando. Era tudo novo pra mim. Imagina o orgulho de ouvir que est\u00e1 caminhando tudo bem, dentro do esperado\u201d , lembrou.<\/p>\n\n\n\n<h2>\u2018Desconstruir para recome\u00e7ar\u2019<\/h2>\n\n\n\n<figure class=\"wp-block-image is-resized\"><img decoding=\"async\" loading=\"lazy\" src=\"https:\/\/s2.glbimg.com\/Y8uepVzuR4jaK8T_c8VYhU2wSGk=\/11x105:1191x1181\/984x0\/smart\/filters:strip_icc()\/i.s3.glbimg.com\/v1\/AUTH_59edd422c0c84a879bd37670ae4f538a\/internal_photos\/bs\/2021\/c\/I\/uTqGBzTvKJABggu24dmA\/mae-e-filha.jpeg\" alt=\"Elizete e a filha mais velha durante primeiro encontro em Teresina \u2014 Foto: Reprodu\u00e7\u00e3o Pessoal\" width=\"377\" height=\"343\"\/><figcaption>Elizete e a filha mais velha durante primeiro encontro em Teresina \u2014 Foto: Reprodu\u00e7\u00e3o Pessoal<\/figcaption><\/figure>\n\n\n\n<p>A m\u00e3e ainda conta das dificuldades encontradas pelo caminho, e da persist\u00eancia em superar as diverg\u00eancias di\u00e1rias.<\/p>\n\n\n\n<p>Segundo Elizete, durante o todo processo de ado\u00e7\u00e3o, a fam\u00edlia foi informada de todas poss\u00edveis dificuldades que apareceriam ao longo do tempo com os tr\u00eas filhos, at\u00e9 pelas lembran\u00e7as e marcas do passado que viveram.<\/p>\n\n\n\n<p>\u201cTudo isso&nbsp;leva tempo para amenizar e desconstruir para recome\u00e7ar. Muita paci\u00eancia, essa tem sido a palavra para essa fase. Cada um demostra do seu jeito como est\u00e3o absorvendo as mudan\u00e7as\u201d, declarou.<\/p>\n\n\n\n<p>A cabelereira relatou que a fam\u00edlia tem vivido fortes emo\u00e7\u00f5es e sentimentos no dia a dia, que os tr\u00eas filhos s\u00e3o bem diferentes entre eles, mas que s\u00e3o amorosos e carinhosos na mesma propor\u00e7\u00e3o.<\/p>\n\n\n\n<p>\u201cTem dias que me desespero na certeza de que n\u00e3o darei conta. Choro mesmo! Mas tamb\u00e9m h\u00e1 dias de tanta alegria, at\u00e9 d\u00f3i, e tudo o que achamos ser dif\u00edcil se dissipa e nos preenche, nos renova\u201d, contou a m\u00e3e.<\/p>\n\n\n\n<p>\u201cO dia a dia de uma m\u00e3e que se dedica integralmente aos seus filhos \u00e9 puxado, mas vale a pena. E como m\u00e3e, eu quero aproveitar cada minutinho da vida deles\u201d, completou Elizete.<\/p>\n\n\n\n<figure class=\"wp-block-image is-resized\"><img decoding=\"async\" loading=\"lazy\" src=\"https:\/\/s2.glbimg.com\/4j-CJK3RgjGoozh4xWFyx52L_e8=\/0x487:735x1386\/984x0\/smart\/filters:strip_icc()\/i.s3.glbimg.com\/v1\/AUTH_59edd422c0c84a879bd37670ae4f538a\/internal_photos\/bs\/2022\/6\/1\/A1TZFNQ4q3nRs4w6NVfA\/irmaos.jpg\" alt=\"Tr\u00eas irm\u00e3os piauienses adotados por fam\u00edlia que mora no interior de S\u00e3o Paulo \u2014 Foto: Reprodu\u00e7\u00e3o Pessoal\" width=\"377\" height=\"461\"\/><figcaption>Tr\u00eas irm\u00e3os piauienses adotados por fam\u00edlia que mora no interior de S\u00e3o Paulo \u2014 Foto: Reprodu\u00e7\u00e3o Pessoal<\/figcaption><\/figure>\n\n\n\n<h2>Processo de ado\u00e7\u00e3o<\/h2>\n\n\n\n<p>A cabelereira e o marido ainda esperam pela guarda definitiva dos irm\u00e3os, dado que o processo ainda n\u00e3o foi finalizado. A fam\u00edlia est\u00e1 passando atualmente por um per\u00edodo de adapta\u00e7\u00e3o, que tem n\u00e3o tem um tempo espec\u00edfico determinado.<\/p>\n\n\n\n<p>Enquanto aguardam o resultado do processo, a fam\u00edlia vai construindo os v\u00ednculos afetivos. \u201cEu sou a m\u00e3e deles agora, os conhe\u00e7o e vamos solidificando cada vez esse amor juntos\u201d, afirmou Elizete. \u201cTeve um dia que tentei imaginar nossa vida sem eles, mas foi uma dor incompar\u00e1vel at\u00e9 agora, um vazio pra mim. Esse foi o momento espec\u00edfico em que eu soube explicar em palavras esse amor\u201d, completou.<\/p>\n\n\n\n<p>Para ela, n\u00e3o \u00e9 um documento que vai definir o seu papel como m\u00e3e, mas que a finaliza\u00e7\u00e3o do processo dar\u00e1 uma maior seguran\u00e7a para a fam\u00edlia. \u201cEmbora eu sonhe muito com a guarda definitiva para concretizar tudo isso, eles j\u00e1 s\u00e3o meus, nossos. A genitora n\u00e3o faz mais parte da vida deles, agora existe outra pessoa, m\u00e3e que assume esse posto vazio\u201d, pontuou Elizete.<\/p>\n\n\n\n<p><strong>Fonte: G1 PI<\/strong><\/p>\n","protected":false},"excerpt":{"rendered":"<p>A cabelereira Maria Elizete Sousa vive o primeiro dia das m\u00e3es neste domingo (8). Natural de Capit\u00e3o de Campos, no Norte do Piau\u00ed, ela mora em S\u00e3o Paulo h\u00e1 26 anos, mas h\u00e1 sete meses voltou ao estado natal para buscar os tr\u00eas filhos, irm\u00e3os piauienses que foram adotados por ela e o marido. Hoje [&hellip;]<\/p>\n","protected":false},"author":1,"featured_media":33857,"comment_status":"open","ping_status":"open","sticky":false,"template":"","format":"standard","meta":{"beyondwords_generate_audio":"","beyondwords_project_id":"","beyondwords_podcast_id":"","beyondwords_hash":"","beyondwords_error_message":"","beyondwords_disabled":"","publish_post_to_speechkit":"","speechkit_generate_audio":"","speechkit_project_id":"","speechkit_podcast_id":"","speechkit_hash":"","speechkit_error_message":"","speechkit_disabled":"","speechkit_access_key":"","speechkit_error":"","speechkit_info":"","speechkit_response":"","speechkit_retries":"","_speechkit_link":"","_speechkit_text":""},"categories":[51],"tags":[10223,70,10224,10225,6577,888,515,1045,5618,10226,52,3485,10227,239,7822],"jetpack_featured_media_url":"https:\/\/pinews.com.br\/wp-content\/uploads\/2022\/05\/Sem-titulo-1024x576-1.jpg","_links":{"self":[{"href":"https:\/\/pinews.com.br\/index.php\/wp-json\/wp\/v2\/posts\/33856"}],"collection":[{"href":"https:\/\/pinews.com.br\/index.php\/wp-json\/wp\/v2\/posts"}],"about":[{"href":"https:\/\/pinews.com.br\/index.php\/wp-json\/wp\/v2\/types\/post"}],"author":[{"embeddable":true,"href":"https:\/\/pinews.com.br\/index.php\/wp-json\/wp\/v2\/users\/1"}],"replies":[{"embeddable":true,"href":"https:\/\/pinews.com.br\/index.php\/wp-json\/wp\/v2\/comments?post=33856"}],"version-history":[{"count":0,"href":"https:\/\/pinews.com.br\/index.php\/wp-json\/wp\/v2\/posts\/33856\/revisions"}],"wp:featuredmedia":[{"embeddable":true,"href":"https:\/\/pinews.com.br\/index.php\/wp-json\/wp\/v2\/media\/33857"}],"wp:attachment":[{"href":"https:\/\/pinews.com.br\/index.php\/wp-json\/wp\/v2\/media?parent=33856"}],"wp:term":[{"taxonomy":"category","embeddable":true,"href":"https:\/\/pinews.com.br\/index.php\/wp-json\/wp\/v2\/categories?post=33856"},{"taxonomy":"post_tag","embeddable":true,"href":"https:\/\/pinews.com.br\/index.php\/wp-json\/wp\/v2\/tags?post=33856"}],"curies":[{"name":"wp","href":"https:\/\/api.w.org\/{rel}","templated":true}]}}