{"id":33928,"date":"2022-05-10T10:58:28","date_gmt":"2022-05-10T13:58:28","guid":{"rendered":"https:\/\/pinews.com.br\/?p=33928"},"modified":"2022-05-10T10:58:28","modified_gmt":"2022-05-10T13:58:28","slug":"major-do-exercito-e-preso-no-piaui-por-declarar-apoio-a-bolsonaro","status":"publish","type":"post","link":"https:\/\/pinews.com.br\/index.php\/2022\/05\/10\/major-do-exercito-e-preso-no-piaui-por-declarar-apoio-a-bolsonaro\/","title":{"rendered":"Major do Ex\u00e9rcito \u00e9 preso no Piau\u00ed por declarar apoio a Bolsonaro"},"content":{"rendered":"\n<p>O major campomaiorense Jo\u00e3o Paulo da Costa Ara\u00fajo Alves, do 25\u00ba Batalh\u00e3o de Ca\u00e7adores do Ex\u00e9rcito Brasileiro, foi preso na \u00faltima quinta-feira (05\/05), em Teresina. Sua pris\u00e3o se deu por conta de publica\u00e7\u00f5es declarando apoio ao presidente Jair Bolsonaro em suas redes sociais.<\/p>\n\n\n\n<p>O militar \u00e9 filho do ex-vice-prefeito de Campo Maior e atual presidente do PL no munic\u00edpio, Jo\u00e3o Alves Filho. Ele encontra-se detido no quartel de seu batalh\u00e3o.<\/p>\n\n\n\n<p>Segundo o Regulamento Disciplinar do Ex\u00e9rcito, previsto no Decreto N\u00ba 4.346\/2002, \u00e9 proibido a militares da ativa de se manifestar politicamente: \u201ctomar parte, em \u00e1rea militar ou sob jurisdi\u00e7\u00e3o militar, em discuss\u00e3o a respeito de assuntos de natureza pol\u00edtico-partid\u00e1ria ou religiosa; manifestar-se, publicamente, o militar da ativa, sem que esteja autorizado, a respeito de assuntos de natureza pol\u00edtico-partid\u00e1ria; tomar parte, fardado, em manifesta\u00e7\u00f5es de natureza pol\u00edtico-partid\u00e1ria; discutir ou provocar discuss\u00e3o, por qualquer ve\u00edculo de comunica\u00e7\u00e3o, sobre assuntos pol\u00edticos ou militares, exceto se devidamente autorizado\u201d.<\/p>\n\n\n\n<p>Segundo&nbsp;Major Diego Melo,&nbsp;presidente da Associa\u00e7\u00e3o de Oficiais Militares do Piau\u00ed (Amepi), a pris\u00e3o \u00e9 abusiva.<\/p>\n\n\n\n<p>\u201cEle est\u00e1 preso por uma ordem judicial, uma pris\u00e3o preventiva, mas totalmente abusiva. (\u2026) Fazendo esse tipo de abuso e de absurdo, n\u00f3s vamos contribuir para o caos.\u201d, disse<\/p>\n\n\n\n<p>O major Jo\u00e3o Paulo ingressou nas For\u00e7as Armadas no ano de 2013. Recentemente em publica\u00e7\u00e3o em seu Facebook, afirma ser pr\u00e9-candidato \u00e0 deputado federal.<\/p>\n\n\n\n<p><strong>Fonte: 180 graus\/As informa\u00e7\u00f5es s\u00e3o do Di\u00e1rio de Campo Maior<\/strong><\/p>\n","protected":false},"excerpt":{"rendered":"<p>O major campomaiorense Jo\u00e3o Paulo da Costa Ara\u00fajo Alves, do 25\u00ba Batalh\u00e3o de Ca\u00e7adores do Ex\u00e9rcito Brasileiro, foi preso na \u00faltima quinta-feira (05\/05), em Teresina. Sua pris\u00e3o se deu por conta de publica\u00e7\u00f5es declarando apoio ao presidente Jair Bolsonaro em suas redes sociais. O militar \u00e9 filho do ex-vice-prefeito de Campo Maior e atual presidente [&hellip;]<\/p>\n","protected":false},"author":1,"featured_media":33929,"comment_status":"open","ping_status":"open","sticky":false,"template":"","format":"standard","meta":{"beyondwords_generate_audio":"","beyondwords_project_id":"","beyondwords_podcast_id":"","beyondwords_hash":"","beyondwords_error_message":"","beyondwords_disabled":"","publish_post_to_speechkit":"","speechkit_generate_audio":"","speechkit_project_id":"","speechkit_podcast_id":"","speechkit_hash":"","speechkit_error_message":"","speechkit_disabled":"","speechkit_access_key":"","speechkit_error":"","speechkit_info":"","speechkit_response":"","speechkit_retries":"","_speechkit_link":"","_speechkit_text":""},"categories":[51,78],"tags":[5999,1202,8971,72,1348,8645,52,59,79],"jetpack_featured_media_url":"https:\/\/pinews.com.br\/wp-content\/uploads\/2022\/05\/1-1.jpeg","_links":{"self":[{"href":"https:\/\/pinews.com.br\/index.php\/wp-json\/wp\/v2\/posts\/33928"}],"collection":[{"href":"https:\/\/pinews.com.br\/index.php\/wp-json\/wp\/v2\/posts"}],"about":[{"href":"https:\/\/pinews.com.br\/index.php\/wp-json\/wp\/v2\/types\/post"}],"author":[{"embeddable":true,"href":"https:\/\/pinews.com.br\/index.php\/wp-json\/wp\/v2\/users\/1"}],"replies":[{"embeddable":true,"href":"https:\/\/pinews.com.br\/index.php\/wp-json\/wp\/v2\/comments?post=33928"}],"version-history":[{"count":0,"href":"https:\/\/pinews.com.br\/index.php\/wp-json\/wp\/v2\/posts\/33928\/revisions"}],"wp:featuredmedia":[{"embeddable":true,"href":"https:\/\/pinews.com.br\/index.php\/wp-json\/wp\/v2\/media\/33929"}],"wp:attachment":[{"href":"https:\/\/pinews.com.br\/index.php\/wp-json\/wp\/v2\/media?parent=33928"}],"wp:term":[{"taxonomy":"category","embeddable":true,"href":"https:\/\/pinews.com.br\/index.php\/wp-json\/wp\/v2\/categories?post=33928"},{"taxonomy":"post_tag","embeddable":true,"href":"https:\/\/pinews.com.br\/index.php\/wp-json\/wp\/v2\/tags?post=33928"}],"curies":[{"name":"wp","href":"https:\/\/api.w.org\/{rel}","templated":true}]}}