{"id":33960,"date":"2022-05-10T21:59:20","date_gmt":"2022-05-11T00:59:20","guid":{"rendered":"https:\/\/pinews.com.br\/?p=33960"},"modified":"2022-05-10T21:59:20","modified_gmt":"2022-05-11T00:59:20","slug":"homem-e-morto-com-facada-apos-tentar-impedir-invasao-de-terreno","status":"publish","type":"post","link":"https:\/\/pinews.com.br\/index.php\/2022\/05\/10\/homem-e-morto-com-facada-apos-tentar-impedir-invasao-de-terreno\/","title":{"rendered":"Homem \u00e9 morto com facada ap\u00f3s tentar impedir invas\u00e3o de terreno"},"content":{"rendered":"\n<p>Um homem identificado como Claudio Alves da Silva, de 48 anos, morreu na noite desta ter\u00e7a-feira (10), ap\u00f3s ser esfaqueado na porta de uma resid\u00eancia na Rua Sergipe, bairro J\u00falio Almeida, em Timon, no Maranh\u00e3o. <\/p>\n\n\n\n<p>O <em>Meionorte.com<\/em> apurou no local que ele foi esfaqueado enquanto estava na porta de uma resid\u00eancia no qual algumas pessoas queriam invadir. A m\u00e3e da v\u00edtima relatou para a reportagem que ele n\u00e3o tinha envolvimento com o mundo do crime e que acredita que mataram ele s\u00f3 por maldade, pois o terreno era de propriedade do seu pai e ele foi tentar impedir a invas\u00e3o.<\/p>\n\n\n\n<p>A reportagem ainda tamb\u00e9m tentou falar com pessoas que estavam no local, mas ningu\u00e9m quis se pronunciar. N\u00e3o h\u00e1 informa\u00e7\u00f5es de suspeitos do crime at\u00e9 o momento. A Pol\u00edcia Militar, atrav\u00e9s do 11\u00b0 Batalh\u00e3o de Timon, esteve no local em realizou o isolamento da \u00e1rea. O Instituto de Criminal\u00edstica de (ICRIM) tamb\u00e9m atendeu a ocorr\u00eancia. A Delegacia de Homic\u00eddios de Timon investigar\u00e1 o caso. <\/p>\n\n\n\n<p><strong>Fonte: Meio Norte<\/strong><\/p>\n","protected":false},"excerpt":{"rendered":"<p>Um homem identificado como Claudio Alves da Silva, de 48 anos, morreu na noite desta ter\u00e7a-feira (10), ap\u00f3s ser esfaqueado na porta de uma resid\u00eancia na Rua Sergipe, bairro J\u00falio Almeida, em Timon, no Maranh\u00e3o. O Meionorte.com apurou no local que ele foi esfaqueado enquanto estava na porta de uma resid\u00eancia no qual algumas pessoas [&hellip;]<\/p>\n","protected":false},"author":1,"featured_media":33961,"comment_status":"open","ping_status":"open","sticky":false,"template":"","format":"standard","meta":{"beyondwords_generate_audio":"","beyondwords_project_id":"","beyondwords_podcast_id":"","beyondwords_hash":"","beyondwords_error_message":"","beyondwords_disabled":"","publish_post_to_speechkit":"","speechkit_generate_audio":"","speechkit_project_id":"","speechkit_podcast_id":"","speechkit_hash":"","speechkit_error_message":"","speechkit_disabled":"","speechkit_access_key":"","speechkit_error":"","speechkit_info":"","speechkit_response":"","speechkit_retries":"","_speechkit_link":"","_speechkit_text":""},"categories":[134,78],"tags":[70,44,72,1264,84,7260,2131,197,475,1016],"jetpack_featured_media_url":"https:\/\/pinews.com.br\/wp-content\/uploads\/2022\/05\/homem-e-morto-com-facada-apos-tentar-impedir-invasao-de-terreno-em-timon-fc67637e-f086-4163-acc3-a081c3051f6a.jpg","_links":{"self":[{"href":"https:\/\/pinews.com.br\/index.php\/wp-json\/wp\/v2\/posts\/33960"}],"collection":[{"href":"https:\/\/pinews.com.br\/index.php\/wp-json\/wp\/v2\/posts"}],"about":[{"href":"https:\/\/pinews.com.br\/index.php\/wp-json\/wp\/v2\/types\/post"}],"author":[{"embeddable":true,"href":"https:\/\/pinews.com.br\/index.php\/wp-json\/wp\/v2\/users\/1"}],"replies":[{"embeddable":true,"href":"https:\/\/pinews.com.br\/index.php\/wp-json\/wp\/v2\/comments?post=33960"}],"version-history":[{"count":0,"href":"https:\/\/pinews.com.br\/index.php\/wp-json\/wp\/v2\/posts\/33960\/revisions"}],"wp:featuredmedia":[{"embeddable":true,"href":"https:\/\/pinews.com.br\/index.php\/wp-json\/wp\/v2\/media\/33961"}],"wp:attachment":[{"href":"https:\/\/pinews.com.br\/index.php\/wp-json\/wp\/v2\/media?parent=33960"}],"wp:term":[{"taxonomy":"category","embeddable":true,"href":"https:\/\/pinews.com.br\/index.php\/wp-json\/wp\/v2\/categories?post=33960"},{"taxonomy":"post_tag","embeddable":true,"href":"https:\/\/pinews.com.br\/index.php\/wp-json\/wp\/v2\/tags?post=33960"}],"curies":[{"name":"wp","href":"https:\/\/api.w.org\/{rel}","templated":true}]}}