{"id":34022,"date":"2022-05-12T18:06:17","date_gmt":"2022-05-12T21:06:17","guid":{"rendered":"https:\/\/pinews.com.br\/?p=34022"},"modified":"2022-05-12T18:06:17","modified_gmt":"2022-05-12T21:06:17","slug":"piauiense-morre-apos-pneu-de-colheitadeira-explodir-durante-manutencao-na-bahia","status":"publish","type":"post","link":"https:\/\/pinews.com.br\/index.php\/2022\/05\/12\/piauiense-morre-apos-pneu-de-colheitadeira-explodir-durante-manutencao-na-bahia\/","title":{"rendered":"Piauiense morre ap\u00f3s pneu de colheitadeira explodir durante manuten\u00e7\u00e3o na Bahia"},"content":{"rendered":"\n<p>Um piauiense identificado como Sebasti\u00e3o Rodrigues de Souza, de 43 anos, morreu ap\u00f3s um grave acidente em uma fazenda localizada na regi\u00e3o do cerrado, no munic\u00edpio de Formosa do Rio Preto, na Bahia. O caso aconteceu na \u00faltima ter\u00e7a-feira (10\/05). A v\u00edtima era natural de Corrente-PI.<\/p>\n\n\n\n<p>A v\u00edtima estava calibrando o pneu de uma colheitadeira, quando o item explodiu e ele foi atingido pelo aro do pneu. Um outro homem identificado como Edimundo Sebasti\u00e3o tamb\u00e9m foi atingido, mas n\u00e3o ficou t\u00e3o ferido quanto Sebasti\u00e3o, que quebrou quatro costelas.<\/p>\n\n\n\n<p>O gerente da fazenda os socorreu e, em sua caminhonete, os levou ao hospital mais pr\u00f3ximo quando no caminho encontrou a ambul\u00e2ncia do Servi\u00e7o de Atendimento M\u00f3vel de Urg\u00eancia (Samu) que se deslocava ao local.<\/p>\n\n\n\n<p>Sebasti\u00e3o foi transferido para a ambul\u00e2ncia e encaminhado ao hospital municipal de Formosa do Rio Preto, onde recebeu os primeiros atendimentos, mas n\u00e3o resistiu e morreu logo depois.<\/p>\n\n\n\n<p>Edimundo encontra-se internado no hospital de Barreiras-BA, mas seu estado de sa\u00fade \u00e9 desconhecido.<\/p>\n\n\n\n<p><strong>Fonte: Portal B1<\/strong><\/p>\n","protected":false},"excerpt":{"rendered":"<p>Um piauiense identificado como Sebasti\u00e3o Rodrigues de Souza, de 43 anos, morreu ap\u00f3s um grave acidente em uma fazenda localizada na regi\u00e3o do cerrado, no munic\u00edpio de Formosa do Rio Preto, na Bahia. O caso aconteceu na \u00faltima ter\u00e7a-feira (10\/05). A v\u00edtima era natural de Corrente-PI. A v\u00edtima estava calibrando o pneu de uma colheitadeira, [&hellip;]<\/p>\n","protected":false},"author":1,"featured_media":34023,"comment_status":"open","ping_status":"open","sticky":false,"template":"","format":"standard","meta":{"beyondwords_generate_audio":"","beyondwords_project_id":"","beyondwords_podcast_id":"","beyondwords_hash":"","beyondwords_error_message":"","beyondwords_disabled":"","publish_post_to_speechkit":"","speechkit_generate_audio":"","speechkit_project_id":"","speechkit_podcast_id":"","speechkit_hash":"","speechkit_error_message":"","speechkit_disabled":"","speechkit_access_key":"","speechkit_error":"","speechkit_info":"","speechkit_response":"","speechkit_retries":"","_speechkit_link":"","_speechkit_text":""},"categories":[134,51],"tags":[70,761,10259,44,45,6319,57,119,91,511,5297],"jetpack_featured_media_url":"https:\/\/pinews.com.br\/wp-content\/uploads\/2022\/05\/homem-morto-acidente-ba-1.jpg","_links":{"self":[{"href":"https:\/\/pinews.com.br\/index.php\/wp-json\/wp\/v2\/posts\/34022"}],"collection":[{"href":"https:\/\/pinews.com.br\/index.php\/wp-json\/wp\/v2\/posts"}],"about":[{"href":"https:\/\/pinews.com.br\/index.php\/wp-json\/wp\/v2\/types\/post"}],"author":[{"embeddable":true,"href":"https:\/\/pinews.com.br\/index.php\/wp-json\/wp\/v2\/users\/1"}],"replies":[{"embeddable":true,"href":"https:\/\/pinews.com.br\/index.php\/wp-json\/wp\/v2\/comments?post=34022"}],"version-history":[{"count":0,"href":"https:\/\/pinews.com.br\/index.php\/wp-json\/wp\/v2\/posts\/34022\/revisions"}],"wp:featuredmedia":[{"embeddable":true,"href":"https:\/\/pinews.com.br\/index.php\/wp-json\/wp\/v2\/media\/34023"}],"wp:attachment":[{"href":"https:\/\/pinews.com.br\/index.php\/wp-json\/wp\/v2\/media?parent=34022"}],"wp:term":[{"taxonomy":"category","embeddable":true,"href":"https:\/\/pinews.com.br\/index.php\/wp-json\/wp\/v2\/categories?post=34022"},{"taxonomy":"post_tag","embeddable":true,"href":"https:\/\/pinews.com.br\/index.php\/wp-json\/wp\/v2\/tags?post=34022"}],"curies":[{"name":"wp","href":"https:\/\/api.w.org\/{rel}","templated":true}]}}