{"id":34080,"date":"2022-05-13T21:41:57","date_gmt":"2022-05-14T00:41:57","guid":{"rendered":"https:\/\/pinews.com.br\/?p=34080"},"modified":"2022-05-13T21:41:57","modified_gmt":"2022-05-14T00:41:57","slug":"em-picos-menina-de-5-anos-e-atacada-por-cadela-no-bairro-aerolandia-mae-pede-providencias","status":"publish","type":"post","link":"https:\/\/pinews.com.br\/index.php\/2022\/05\/13\/em-picos-menina-de-5-anos-e-atacada-por-cadela-no-bairro-aerolandia-mae-pede-providencias\/","title":{"rendered":"Em Picos, menina de 5 anos \u00e9 atacada por cadela no bairro Aerol\u00e2ndia; m\u00e3e pede provid\u00eancias"},"content":{"rendered":"\n<p>Uma senhora identificada por Aline Lima, moradora do bairro Aerol\u00e2ndia, em Picos, denunciou que sua filha, de cinco anos de idade, foi atacada por uma cadela.<\/p>\n\n\n\n<p>De acordo informa\u00e7\u00f5es repassadas por ela, atualmente existem muitos cachorros soltos na Aerol\u00e2ndia, inclusive nas imedia\u00e7\u00f5es onde sua filha foi atacada, no alto da escada da SUCAM.<\/p>\n\n\n\n<blockquote class=\"wp-block-quote\"><p>\u201cEst\u00e1 uma situa\u00e7\u00e3o triste, voc\u00ea tem que ficar trancada e os cachorros soltos. Pe\u00e7o ajuda a quem puder ajudar\u201d, diz indignada.<\/p><\/blockquote>\n\n\n\n<p>Ela pede provid\u00eancias aos \u00f3rg\u00e3os respons\u00e1veis para que haja uma solu\u00e7\u00e3o para o problema, haja visto que outras pessoas desavisadas podem ser v\u00edtimas dos animais que vivem nas ruas. Solicita tamb\u00e9m que os donos dos animais sejam identificados e punidos, evitando assim uma trag\u00e9dia maior.<\/p>\n\n\n\n<p><strong>Fonte: Riach\u00e3o Net<\/strong><\/p>\n","protected":false},"excerpt":{"rendered":"<p>Uma senhora identificada por Aline Lima, moradora do bairro Aerol\u00e2ndia, em Picos, denunciou que sua filha, de cinco anos de idade, foi atacada por uma cadela. De acordo informa\u00e7\u00f5es repassadas por ela, atualmente existem muitos cachorros soltos na Aerol\u00e2ndia, inclusive nas imedia\u00e7\u00f5es onde sua filha foi atacada, no alto da escada da SUCAM. \u201cEst\u00e1 uma [&hellip;]<\/p>\n","protected":false},"author":1,"featured_media":34081,"comment_status":"open","ping_status":"open","sticky":false,"template":"","format":"standard","meta":{"beyondwords_generate_audio":"","beyondwords_project_id":"","beyondwords_podcast_id":"","beyondwords_hash":"","beyondwords_error_message":"","beyondwords_disabled":"","publish_post_to_speechkit":"","speechkit_generate_audio":"","speechkit_project_id":"","speechkit_podcast_id":"","speechkit_hash":"","speechkit_error_message":"","speechkit_disabled":"","speechkit_access_key":"","speechkit_error":"","speechkit_info":"","speechkit_response":"","speechkit_retries":"","_speechkit_link":"","_speechkit_text":""},"categories":[51,126],"tags":[1085,82,6721,545,962,44,72,46,117,1207,723,125,59,10274],"jetpack_featured_media_url":"https:\/\/pinews.com.br\/wp-content\/uploads\/2022\/05\/escada-sucam-780x470-1.jpg","_links":{"self":[{"href":"https:\/\/pinews.com.br\/index.php\/wp-json\/wp\/v2\/posts\/34080"}],"collection":[{"href":"https:\/\/pinews.com.br\/index.php\/wp-json\/wp\/v2\/posts"}],"about":[{"href":"https:\/\/pinews.com.br\/index.php\/wp-json\/wp\/v2\/types\/post"}],"author":[{"embeddable":true,"href":"https:\/\/pinews.com.br\/index.php\/wp-json\/wp\/v2\/users\/1"}],"replies":[{"embeddable":true,"href":"https:\/\/pinews.com.br\/index.php\/wp-json\/wp\/v2\/comments?post=34080"}],"version-history":[{"count":0,"href":"https:\/\/pinews.com.br\/index.php\/wp-json\/wp\/v2\/posts\/34080\/revisions"}],"wp:featuredmedia":[{"embeddable":true,"href":"https:\/\/pinews.com.br\/index.php\/wp-json\/wp\/v2\/media\/34081"}],"wp:attachment":[{"href":"https:\/\/pinews.com.br\/index.php\/wp-json\/wp\/v2\/media?parent=34080"}],"wp:term":[{"taxonomy":"category","embeddable":true,"href":"https:\/\/pinews.com.br\/index.php\/wp-json\/wp\/v2\/categories?post=34080"},{"taxonomy":"post_tag","embeddable":true,"href":"https:\/\/pinews.com.br\/index.php\/wp-json\/wp\/v2\/tags?post=34080"}],"curies":[{"name":"wp","href":"https:\/\/api.w.org\/{rel}","templated":true}]}}