{"id":34105,"date":"2022-05-14T19:10:24","date_gmt":"2022-05-14T22:10:24","guid":{"rendered":"https:\/\/pinews.com.br\/?p=34105"},"modified":"2022-05-14T19:10:24","modified_gmt":"2022-05-14T22:10:24","slug":"reduflacao-embalagens-ficam-menores-em-meio-a-disparada-de-precos-saiba-identificar-abusos","status":"publish","type":"post","link":"https:\/\/pinews.com.br\/index.php\/2022\/05\/14\/reduflacao-embalagens-ficam-menores-em-meio-a-disparada-de-precos-saiba-identificar-abusos\/","title":{"rendered":"&#8216;Redufla\u00e7\u00e3o&#8217;: embalagens ficam menores em meio \u00e0 disparada de pre\u00e7os; saiba identificar abusos"},"content":{"rendered":"\n<p>A pr\u00e1tica n\u00e3o \u00e9 nova, mas em tempos de infla\u00e7\u00e3o galopante ficou mais evidente nas prateleiras dos mercados e queixas t\u00eam se multiplicado na internet. Trata-se da velha t\u00e1tica da ind\u00fastria de reduzir a embalagem ou o peso dos pacotes, enquanto os pre\u00e7os dos produtos continuam iguais ou at\u00e9 mesmo maiores.<\/p>\n\n\n\n<p>A estrat\u00e9gia para driblar a alta nos pre\u00e7os j\u00e1 ganhou at\u00e9 apelido, &#8220;redufla\u00e7\u00e3o&#8221;. Ou seja,&nbsp;a infla\u00e7\u00e3o pela redu\u00e7\u00e3o do peso ou pelo encolhimento dos produtos.<\/p>\n\n\n\n<blockquote class=\"wp-block-quote\"><p>&#8220;Embora a pr\u00e1tica n\u00e3o seja ilegal, a redufla\u00e7\u00e3o \u00e9 algo que deve ser feito com muitas ressalvas. O consumidor acostumado a comprar um produto pelo mesmo pre\u00e7o pode acabar n\u00e3o percebendo que sua quantidade foi reduzida&#8221; afirma Adriano Fonseca, advogado da Proteste Associa\u00e7\u00e3o de Consumidores.<\/p><\/blockquote>\n\n\n\n<p>A pr\u00e1tica tem sido observada em alimentos, guloseimas e produtos de limpeza de diversos fabricantes.<\/p>\n\n\n\n<p>Entre os exemplos, o biscoito Nesfit com aveia teve redu\u00e7\u00e3o de peso de 20%; o amendoim crocante Pettiz encolheu de 90g para 70g; o pacote pequeno de cookie Toddy teve redu\u00e7\u00e3o de 5%; o sab\u00e3o Omo embalagem econ\u00f4mica diminuiu de 4kg para 3,8kg; e a caixa de f\u00f3sforos da marca Fiat Lux agora vem com 200 unidades, 40 palitos a menos.<\/p>\n\n\n\n<p><strong>Veja abaixo exemplos, o que determina a legisla\u00e7\u00e3o e o que dizem as marcas:<\/strong><\/p>\n\n\n\n<figure class=\"wp-block-image\"><img decoding=\"async\" src=\"https:\/\/s2.glbimg.com\/5mdDGCd-LUe9cl9GrIjwMc9rMzQ=\/0x362:4624x3393\/984x0\/smart\/filters:strip_icc()\/i.s3.glbimg.com\/v1\/AUTH_59edd422c0c84a879bd37670ae4f538a\/internal_photos\/bs\/2022\/9\/1\/ECH0BhSyu34f9BYB7ikA\/20220512-131239.jpg\" alt=\"Biscoito Nesfit com aveia teve redu\u00e7\u00e3o de peso de 20%, passando de 200g para 160g \u2014 Foto: g1\"\/><figcaption>Biscoito Nesfit com aveia teve redu\u00e7\u00e3o de peso de 20%, passando de 200g para 160g \u2014 Foto: g1<\/figcaption><\/figure>\n\n\n\n<h2>O que diz a lei e como se proteger<\/h2>\n\n\n\n<p>Embora a pr\u00e1tica n\u00e3o seja ilegal, as mudan\u00e7as precisam seguir alguns crit\u00e9rios e os fabricantes s\u00e3o obrigados a informar a altera\u00e7\u00e3o na parte frontal da embalagem, em letras de tamanho e cor destacados. Ou seja,&nbsp;<strong>a sinaliza\u00e7\u00e3o de redu\u00e7\u00e3o de peso precisa ser feita de modo que as pessoas possam perceber.<\/strong><\/p>\n\n\n\n<p>A portaria n\u00ba 392, de 29 de setembro de 2021 do <a href=\"http:\/\/\" title=\"\">Minist\u00e9rio da Justi\u00e7a<\/a>, determina:<\/p>\n\n\n\n<ul><li><strong>informar no r\u00f3tulo<\/strong>&nbsp;a quantidade existente na embalagem antes e depois da altera\u00e7\u00e3o;<\/li><li>que a altera\u00e7\u00e3o precisa ser informada em&nbsp;<strong>local de f\u00e1cil visualiza\u00e7\u00e3o<\/strong>, com caracteres em caixa alta, negrito, e em cor contrastante com o fundo do r\u00f3tulo;<\/li><li>informar a quantidade de produto diminu\u00edda,&nbsp;<strong>em termos absolutos e percentuais<\/strong>;<\/li><li>informar a mudan\u00e7a&nbsp;<strong>na parte principal do r\u00f3tulo<\/strong>, ficando proibido a inclus\u00e3o em locais encobertos e de dif\u00edcil visualiza\u00e7\u00e3o como as \u00e1reas de selagem e de tor\u00e7\u00e3o;<\/li><li>que a informa\u00e7\u00f5es sobre a mudan\u00e7a devem constar dos r\u00f3tulos pelo<strong>&nbsp;prazo m\u00ednimo de 6 meses<\/strong>.<\/li><\/ul>\n\n\n\n<blockquote class=\"wp-block-quote\"><p>Caso a embalagem n\u00e3o traga a informa\u00e7\u00e3o da redu\u00e7\u00e3o ou mudan\u00e7a de forma clara, o consumidor pode denunciar a empresa aos \u00f3rg\u00e3os de prote\u00e7\u00e3o ao consumidor, como Procons, Senacon e&nbsp;<a href=\"https:\/\/g1.globo.com\/tudo-sobre\/ministerio-da-justica\/\">Minist\u00e9rio da Justi\u00e7a<\/a>.<\/p><\/blockquote>\n\n\n\n<p>O <a href=\"http:\/\/\">Procon<\/a>-SP explica que os fabricantes que descumprirem as normas podem ser multados. &#8220;Aos consumidores que adquirirem os produtos em desconformidade com essa lei, fica assegurado o direito de troc\u00e1-los por outro produto de sua livre escolha ou obter a devolu\u00e7\u00e3o do valor pago em dinheiro&#8221;, informou o \u00f3rg\u00e3o, em nota.<\/p>\n\n\n\n<p>A Secretaria Nacional do Consumidor (Senacon), \u00f3rg\u00e3o do&nbsp;<a href=\"https:\/\/g1.globo.com\/tudo-sobre\/ministerio-da-justica\/\">Minist\u00e9rio da Justi\u00e7a<\/a>, informou que possui procedimentos abertos em grau de averigua\u00e7\u00e3o, mas sem divulgar os nomes das empresas &#8220;sob pena de um pr\u00e9-julgamento ou preju\u00edzo \u00e0 imagem da empresa&#8221;.<\/p>\n\n\n\n<p>A Senacon acrescentou que a portaria atual, publicada no ano passado, trouxe alguns aperfei\u00e7oamentos para garantir que o consumidor seja alertado sobre as redu\u00e7\u00f5es das quantidades de produtos.<\/p>\n\n\n\n<blockquote class=\"wp-block-quote\"><p>&#8220;<strong>Tal pr\u00e1tica era conhecida como &#8216;maquiagem de produtos&#8217;<\/strong>, na qual o consumidor geralmente fiel a determinada marca n\u00e3o percebia a diminui\u00e7\u00e3o da quantidade de produtos e realizava a aquisi\u00e7\u00e3o do produto sem perceber tal diminui\u00e7\u00e3o&#8221;, afirmou.<\/p><\/blockquote>\n\n\n\n<p>Entre as regras mais r\u00edgidas, est\u00e3o a&nbsp;<strong>amplia\u00e7\u00e3o de 3 para 6 meses do prazo da comunica\u00e7\u00e3o obrigat\u00f3ria<\/strong>&nbsp;da redu\u00e7\u00e3o nos r\u00f3tulos das embalagens e o maior detalhamento sobre as regras de rotulagem.<\/p>\n\n\n\n<p>Ao consumidor, cabe denunciar abusos e redobrar a aten\u00e7\u00e3o na hora da compra.<\/p>\n\n\n\n<blockquote class=\"wp-block-quote\"><p>&#8220;O ideal \u00e9 que o consumidor sempre fique atento aos produtos escolhidos, principalmente aqueles de compra recorrente. Caso seja feita de forma indiscriminada, sem que as devidas informa\u00e7\u00f5es sejam apresentadas de forma que o consumidor logo as identifique, a redufla\u00e7\u00e3o poder\u00e1 configurar uma pr\u00e1tica abusiva, assim como uma viola\u00e7\u00e3o dos direitos de informa\u00e7\u00e3o e princ\u00edpios da boa-f\u00e9&#8221;, explica Fonseca.<\/p><\/blockquote>\n\n\n\n<figure class=\"wp-block-image\"><img decoding=\"async\" src=\"https:\/\/s2.glbimg.com\/cEjV6cAI1h88CpKVCYeBrKyJprk=\/0x0:612x676\/984x0\/smart\/filters:strip_icc()\/i.s3.glbimg.com\/v1\/AUTH_59edd422c0c84a879bd37670ae4f538a\/internal_photos\/bs\/2022\/9\/o\/DfVJeST067K9y2vh6dXg\/toddy.png\" alt=\"Pacote pequeno de cookie Toddy teve redu\u00e7\u00e3o de 5%,  \u2014 Foto: g1\"\/><figcaption>Pacote pequeno de cookie Toddy teve redu\u00e7\u00e3o de 5%, \u2014 Foto: g1<\/figcaption><\/figure>\n\n\n\n<h2>O que dizem as empresas<\/h2>\n\n\n\n<p><a href=\"http:\/\/\"><strong>Unilever<\/strong><\/a><\/p>\n\n\n\n<p>A dona da marca OMO informou que mudan\u00e7as na apresenta\u00e7\u00e3o dos produtos n\u00e3o s\u00e3o uma pr\u00e1tica recorrente. &#8220;Cada segmento de atua\u00e7\u00e3o da companhia segue sua estrat\u00e9gia de neg\u00f3cio, que pode envolver altera\u00e7\u00f5es que s\u00e3o pontuais para produtos espec\u00edficos, sempre seguindo as normas estabelecidas pela legisla\u00e7\u00e3o e as tend\u00eancias de mercado&#8221;, afirmou.<\/p>\n\n\n\n<p><a href=\"http:\/\/\"><strong>Nestl\u00e9<\/strong><\/a><\/p>\n\n\n\n<p>A empresa disse que todas as mudan\u00e7as ocorrem em conformidade com a legisla\u00e7\u00e3o e que novos formatos e tamanhos de embalagens &#8220;tem como objetivo acompanhar as tend\u00eancias de mercado, garantir a adequa\u00e7\u00e3o a inova\u00e7\u00f5es tecnol\u00f3gicas ou tamb\u00e9m padronizar a gramatura dos produtos das marcas, de forma a manter sua competitividade&#8221;.<\/p>\n\n\n\n<p><a href=\"http:\/\/\" title=\"\"><strong>PepsiCo<\/strong><\/a><\/p>\n\n\n\n<p>A empresa informou que investe em iniciativas que t\u00eam como premissa as &#8220;necessidades do consumidor&#8221;. Disse que &#8220;por vezes, alteramos ou at\u00e9 aumentamos as op\u00e7\u00f5es de tamanhos do nosso portf\u00f3lio, visando adequ\u00e1-los \u00e0s caracter\u00edsticas e prefer\u00eancias dos nossos consumidores, atuando sempre em total cumprimento \u00e0 legisla\u00e7\u00e3o aplic\u00e1vel&#8221;.<\/p>\n\n\n\n<p><strong>Dori<\/strong><\/p>\n\n\n\n<p>A empresa afirmou se tratar de &#8220;a\u00e7\u00e3o pontual e que o foco segue sendo o lan\u00e7amento de mais op\u00e7\u00f5es para os consumidores&#8221;, acrescentando que o n\u00famero de formatos de embalagens da marca passou de 300 para 400 neste ano.<\/p>\n\n\n\n<p><strong>Swedish Match<\/strong><\/p>\n\n\n\n<p>A empresa informou que apenas a embalagem da marca \u201cF\u00f3sforo Fiat Lux \u2013 Cozinha Forte\u201d sofreu redu\u00e7\u00e3o de quantidade e que a altera\u00e7\u00e3o foi amplamente divulgada em ve\u00edculos de comunica\u00e7\u00e3o de grande circula\u00e7\u00e3o. &#8220;Tal redu\u00e7\u00e3o se deu por motivos t\u00e9cnicos do produto, al\u00e9m da sua adequa\u00e7\u00e3o aos padr\u00f5es do mercado e visando o consumo sustent\u00e1vel de recursos naturais&#8221;, disse, acrescentando que a respectiva adequa\u00e7\u00e3o do pre\u00e7o foi repassada aos revendedores.<\/p>\n\n\n\n<p><strong>Fonte: G1<\/strong><\/p>\n","protected":false},"excerpt":{"rendered":"<p>A pr\u00e1tica n\u00e3o \u00e9 nova, mas em tempos de infla\u00e7\u00e3o galopante ficou mais evidente nas prateleiras dos mercados e queixas t\u00eam se multiplicado na internet. Trata-se da velha t\u00e1tica da ind\u00fastria de reduzir a embalagem ou o peso dos pacotes, enquanto os pre\u00e7os dos produtos continuam iguais ou at\u00e9 mesmo maiores. A estrat\u00e9gia para driblar [&hellip;]<\/p>\n","protected":false},"author":1,"featured_media":34106,"comment_status":"open","ping_status":"open","sticky":false,"template":"","format":"standard","meta":{"beyondwords_generate_audio":"","beyondwords_project_id":"","beyondwords_podcast_id":"","beyondwords_hash":"","beyondwords_error_message":"","beyondwords_disabled":"","publish_post_to_speechkit":"","speechkit_generate_audio":"","speechkit_project_id":"","speechkit_podcast_id":"","speechkit_hash":"","speechkit_error_message":"","speechkit_disabled":"","speechkit_access_key":"","speechkit_error":"","speechkit_info":"","speechkit_response":"","speechkit_retries":"","_speechkit_link":"","_speechkit_text":""},"categories":[516],"tags":[794,10281,44,10282,46,10283,416,8926,5368,996,6101,10284,580],"jetpack_featured_media_url":"https:\/\/pinews.com.br\/wp-content\/uploads\/2022\/05\/fotos1.webp","_links":{"self":[{"href":"https:\/\/pinews.com.br\/index.php\/wp-json\/wp\/v2\/posts\/34105"}],"collection":[{"href":"https:\/\/pinews.com.br\/index.php\/wp-json\/wp\/v2\/posts"}],"about":[{"href":"https:\/\/pinews.com.br\/index.php\/wp-json\/wp\/v2\/types\/post"}],"author":[{"embeddable":true,"href":"https:\/\/pinews.com.br\/index.php\/wp-json\/wp\/v2\/users\/1"}],"replies":[{"embeddable":true,"href":"https:\/\/pinews.com.br\/index.php\/wp-json\/wp\/v2\/comments?post=34105"}],"version-history":[{"count":0,"href":"https:\/\/pinews.com.br\/index.php\/wp-json\/wp\/v2\/posts\/34105\/revisions"}],"wp:featuredmedia":[{"embeddable":true,"href":"https:\/\/pinews.com.br\/index.php\/wp-json\/wp\/v2\/media\/34106"}],"wp:attachment":[{"href":"https:\/\/pinews.com.br\/index.php\/wp-json\/wp\/v2\/media?parent=34105"}],"wp:term":[{"taxonomy":"category","embeddable":true,"href":"https:\/\/pinews.com.br\/index.php\/wp-json\/wp\/v2\/categories?post=34105"},{"taxonomy":"post_tag","embeddable":true,"href":"https:\/\/pinews.com.br\/index.php\/wp-json\/wp\/v2\/tags?post=34105"}],"curies":[{"name":"wp","href":"https:\/\/api.w.org\/{rel}","templated":true}]}}