{"id":34205,"date":"2022-05-16T20:19:05","date_gmt":"2022-05-16T23:19:05","guid":{"rendered":"https:\/\/pinews.com.br\/?p=34205"},"modified":"2022-05-16T20:19:05","modified_gmt":"2022-05-16T23:19:05","slug":"homem-e-mulher-ficam-feridos-apos-serem-atingidos-por-carro-conduzido-por-secretario-municipal-no-piaui","status":"publish","type":"post","link":"https:\/\/pinews.com.br\/index.php\/2022\/05\/16\/homem-e-mulher-ficam-feridos-apos-serem-atingidos-por-carro-conduzido-por-secretario-municipal-no-piaui\/","title":{"rendered":"Homem e mulher ficam feridos ap\u00f3s serem atingidos por carro conduzido por secret\u00e1rio municipal no Piau\u00ed"},"content":{"rendered":"\n<p>O secret\u00e1rio de desenvolvimento rural do munic\u00edpio de Floriano, Francisco Jos\u00e9 Alves, se envolveu em um grave acidente, na madrugada de s\u00e1bado (14). O gestor conduzia um carro da prefeitura da cidade quando atingiu um homem e uma mulher que estavam em uma motocicleta.<\/p>\n\n\n\n<p>O acidente ocorreu no cruzamento das ruas Raimundo Castro e Defala Attem, Centro de Floriano. Segundo populares, no ve\u00edculo oficial estavam o secret\u00e1rio e mais duas pessoas. O carro, que estava sendo usado fora do hor\u00e1rio de trabalho, invadiu a preferencial e atingiu a moto.<\/p>\n\n\n\n<p>O homem que conduzia a moto sofreu um corte na cabe\u00e7a. J\u00e1 a mulher que estava na garupa fraturou a perna. Os dois foram socorridos pelo Servi\u00e7o de Atendimento M\u00f3vel de Urg\u00eancia (Samu) e levados para o Hospital Regional Tib\u00e9rio Nunes.<\/p>\n\n\n\n<p>Amigos das v\u00edtimas informaram \u00e0&nbsp;<strong>TV Clube<\/strong>&nbsp;que o homem est\u00e1 em observa\u00e7\u00e3o na unidade de sa\u00fade e que a mulher precisar\u00e1 passar por uma cirurgia.<\/p>\n\n\n\n<p>A Prefeitura de Floriano comunicou, atrav\u00e9s de nota, que n\u00e3o aprova qualquer utiliza\u00e7\u00e3o de bens p\u00fablicos para fins que n\u00e3o sejam da pr\u00f3pria administra\u00e7\u00e3o p\u00fablica municipal. A administra\u00e7\u00e3o declarou que est\u00e3o sendo tomadas todas as provid\u00eancias para apurar o acontecido.&nbsp;<strong><em>Confira a nota de esclarecimento abaixo:<\/em><\/strong><\/p>\n\n\n\n<p><em>A Prefeitura de Floriano vem por meio desta, se manifestar sobre o fato ocorrido na madrugada de sexta para s\u00e1bado \u00faltimos, envolvendo um ve\u00edculo do Munic\u00edpio, quando no acidente duas pessoas ficaram feridas. N\u00e3o \u00e9 orienta\u00e7\u00e3o da gest\u00e3o que servidores e agentes p\u00fablicos usem carros oficiais que n\u00e3o sejam no desempenho das atividades funcionais. A administra\u00e7\u00e3o n\u00e3o aprova qualquer utiliza\u00e7\u00e3o de bens p\u00fablicos para fins que n\u00e3o sejam da pr\u00f3pria administra\u00e7\u00e3o p\u00fablica municipal. Esclarece, ainda, que est\u00e3o tomadas, por parte do Munic\u00edpio, todas as provid\u00eancias para apurar o acontecido, ao tempo em que se solidariza com as v\u00edtimas e se coloca \u00e0 disposi\u00e7\u00e3o para prestar a aten\u00e7\u00e3o necess\u00e1ria.<\/em><\/p>\n\n\n\n<p><strong>Fonte: G1 PI<\/strong><\/p>\n","protected":false},"excerpt":{"rendered":"<p>O secret\u00e1rio de desenvolvimento rural do munic\u00edpio de Floriano, Francisco Jos\u00e9 Alves, se envolveu em um grave acidente, na madrugada de s\u00e1bado (14). O gestor conduzia um carro da prefeitura da cidade quando atingiu um homem e uma mulher que estavam em uma motocicleta. O acidente ocorreu no cruzamento das ruas Raimundo Castro e Defala [&hellip;]<\/p>\n","protected":false},"author":1,"featured_media":34206,"comment_status":"open","ping_status":"open","sticky":false,"template":"","format":"standard","meta":{"beyondwords_generate_audio":"","beyondwords_project_id":"","beyondwords_podcast_id":"","beyondwords_hash":"","beyondwords_error_message":"","beyondwords_disabled":"","publish_post_to_speechkit":"","speechkit_generate_audio":"","speechkit_project_id":"","speechkit_podcast_id":"","speechkit_hash":"","speechkit_error_message":"","speechkit_disabled":"","speechkit_access_key":"","speechkit_error":"","speechkit_info":"","speechkit_response":"","speechkit_retries":"","_speechkit_link":"","_speechkit_text":""},"categories":[51],"tags":[70,7599,62,6493,254,416,84,135,3374,52,59,1050,6132],"jetpack_featured_media_url":"https:\/\/pinews.com.br\/wp-content\/uploads\/2022\/05\/acidente-7.jpg","_links":{"self":[{"href":"https:\/\/pinews.com.br\/index.php\/wp-json\/wp\/v2\/posts\/34205"}],"collection":[{"href":"https:\/\/pinews.com.br\/index.php\/wp-json\/wp\/v2\/posts"}],"about":[{"href":"https:\/\/pinews.com.br\/index.php\/wp-json\/wp\/v2\/types\/post"}],"author":[{"embeddable":true,"href":"https:\/\/pinews.com.br\/index.php\/wp-json\/wp\/v2\/users\/1"}],"replies":[{"embeddable":true,"href":"https:\/\/pinews.com.br\/index.php\/wp-json\/wp\/v2\/comments?post=34205"}],"version-history":[{"count":0,"href":"https:\/\/pinews.com.br\/index.php\/wp-json\/wp\/v2\/posts\/34205\/revisions"}],"wp:featuredmedia":[{"embeddable":true,"href":"https:\/\/pinews.com.br\/index.php\/wp-json\/wp\/v2\/media\/34206"}],"wp:attachment":[{"href":"https:\/\/pinews.com.br\/index.php\/wp-json\/wp\/v2\/media?parent=34205"}],"wp:term":[{"taxonomy":"category","embeddable":true,"href":"https:\/\/pinews.com.br\/index.php\/wp-json\/wp\/v2\/categories?post=34205"},{"taxonomy":"post_tag","embeddable":true,"href":"https:\/\/pinews.com.br\/index.php\/wp-json\/wp\/v2\/tags?post=34205"}],"curies":[{"name":"wp","href":"https:\/\/api.w.org\/{rel}","templated":true}]}}