{"id":34331,"date":"2022-05-19T00:20:10","date_gmt":"2022-05-19T03:20:10","guid":{"rendered":"https:\/\/pinews.com.br\/?p=34331"},"modified":"2022-05-19T00:20:10","modified_gmt":"2022-05-19T03:20:10","slug":"suspeitos-de-sequestros-relampagos-na-regiao-de-picos-sao-mortos-em-confronto-com-a-policia","status":"publish","type":"post","link":"https:\/\/pinews.com.br\/index.php\/2022\/05\/19\/suspeitos-de-sequestros-relampagos-na-regiao-de-picos-sao-mortos-em-confronto-com-a-policia\/","title":{"rendered":"Suspeitos de sequestros rel\u00e2mpagos na regi\u00e3o de Picos s\u00e3o mortos em confronto com a pol\u00edcia"},"content":{"rendered":"\n<p>Informa\u00e7\u00f5es preliminares apontam que tr\u00eas homens suspeitos de praticarem sequestros rel\u00e2mpagos na regi\u00e3o de Picos foram mortos na noite desta quarta-feira (18), ap\u00f3s confronto com policiais da For\u00e7a T\u00e1tica.<\/p>\n\n\n\n<p>Ainda n\u00e3o h\u00e1 informa\u00e7\u00f5es oficiais, mas segundo o que j\u00e1 p\u00f4de ser apurado, os homens formavam uma quadrilha que vinha aterrorizando a popula\u00e7\u00e3o que transitava pela BR-407, entre os munic\u00edpios de Geminiano e Jaic\u00f3s, realizando sequestros rel\u00e2mpagos.<\/p>\n\n\n\n<p>A pr\u00e1tica se dava da seguinte forma: os criminosos colocavam algo na estrada para furar os pneus dos carros das v\u00edtimas e, quando elas desciam para ver o que acontecera, eram abordadas e levadas para dentro do matagal, onde tinham todo o dinheiro do banco saqueado, al\u00e9m de compras realizadas nos cart\u00f5es de cr\u00e9ditos.<\/p>\n\n\n\n<p>Em alguns casos, os criminosos exigiam que as v\u00edtimas pedissem dinheiro a terceiros para lhes repassar, e depois de tr\u00eas e at\u00e9 doze horas em poder delas, as liberavam.<\/p>\n\n\n\n<p><strong>Fonte: Cidades em Foco<\/strong><\/p>\n","protected":false},"excerpt":{"rendered":"<p>Informa\u00e7\u00f5es preliminares apontam que tr\u00eas homens suspeitos de praticarem sequestros rel\u00e2mpagos na regi\u00e3o de Picos foram mortos na noite desta quarta-feira (18), ap\u00f3s confronto com policiais da For\u00e7a T\u00e1tica. Ainda n\u00e3o h\u00e1 informa\u00e7\u00f5es oficiais, mas segundo o que j\u00e1 p\u00f4de ser apurado, os homens formavam uma quadrilha que vinha aterrorizando a popula\u00e7\u00e3o que transitava pela [&hellip;]<\/p>\n","protected":false},"author":1,"featured_media":34332,"comment_status":"open","ping_status":"open","sticky":false,"template":"","format":"standard","meta":{"beyondwords_generate_audio":"","beyondwords_project_id":"","beyondwords_podcast_id":"","beyondwords_hash":"","beyondwords_error_message":"","beyondwords_disabled":"","publish_post_to_speechkit":"","speechkit_generate_audio":"","speechkit_project_id":"","speechkit_podcast_id":"","speechkit_hash":"","speechkit_error_message":"","speechkit_disabled":"","speechkit_access_key":"","speechkit_error":"","speechkit_info":"","speechkit_response":"","speechkit_retries":"","_speechkit_link":"","_speechkit_text":""},"categories":[51,78],"tags":[944,44,46,759,91,125,466,203,10305,362,10306,497],"jetpack_featured_media_url":"https:\/\/pinews.com.br\/wp-content\/uploads\/2022\/05\/images-2022-05-19T001829.783.jpeg","_links":{"self":[{"href":"https:\/\/pinews.com.br\/index.php\/wp-json\/wp\/v2\/posts\/34331"}],"collection":[{"href":"https:\/\/pinews.com.br\/index.php\/wp-json\/wp\/v2\/posts"}],"about":[{"href":"https:\/\/pinews.com.br\/index.php\/wp-json\/wp\/v2\/types\/post"}],"author":[{"embeddable":true,"href":"https:\/\/pinews.com.br\/index.php\/wp-json\/wp\/v2\/users\/1"}],"replies":[{"embeddable":true,"href":"https:\/\/pinews.com.br\/index.php\/wp-json\/wp\/v2\/comments?post=34331"}],"version-history":[{"count":0,"href":"https:\/\/pinews.com.br\/index.php\/wp-json\/wp\/v2\/posts\/34331\/revisions"}],"wp:featuredmedia":[{"embeddable":true,"href":"https:\/\/pinews.com.br\/index.php\/wp-json\/wp\/v2\/media\/34332"}],"wp:attachment":[{"href":"https:\/\/pinews.com.br\/index.php\/wp-json\/wp\/v2\/media?parent=34331"}],"wp:term":[{"taxonomy":"category","embeddable":true,"href":"https:\/\/pinews.com.br\/index.php\/wp-json\/wp\/v2\/categories?post=34331"},{"taxonomy":"post_tag","embeddable":true,"href":"https:\/\/pinews.com.br\/index.php\/wp-json\/wp\/v2\/tags?post=34331"}],"curies":[{"name":"wp","href":"https:\/\/api.w.org\/{rel}","templated":true}]}}