{"id":34368,"date":"2022-05-19T17:07:21","date_gmt":"2022-05-19T20:07:21","guid":{"rendered":"https:\/\/pinews.com.br\/?p=34368"},"modified":"2022-05-19T17:07:21","modified_gmt":"2022-05-19T20:07:21","slug":"governo-do-piaui-divulga-lista-de-rodovias-que-serao-recuperadas-pelo-der-nos-proximos-meses-veja","status":"publish","type":"post","link":"https:\/\/pinews.com.br\/index.php\/2022\/05\/19\/governo-do-piaui-divulga-lista-de-rodovias-que-serao-recuperadas-pelo-der-nos-proximos-meses-veja\/","title":{"rendered":"Governo do Piau\u00ed divulga lista de rodovias que ser\u00e3o recuperadas pelo DER n\u00f3s pr\u00f3ximos meses; veja"},"content":{"rendered":"\n<p>Pelo menos 21 trechos de rodovias estaduais devem ser recuperados pelo Departamento de Estradas e Rodagem (DER) no Piau\u00ed nos pr\u00f3ximos meses. A informa\u00e7\u00e3o foi publicada no Di\u00e1rio Oficial pelo decreto n\u00ba 20.955.<\/p>\n\n\n\n<p>De acordo com o decreto, a recupera\u00e7\u00e3o \u00e9 uma emerg\u00eancia administrativa e foi tomada depois do relat\u00f3rio da Diretoria da Unidade de Conserva\u00e7\u00e3o e Manuten\u00e7\u00e3o (DUCM) do DER-PI.<\/p>\n\n\n\n<blockquote class=\"wp-block-quote\"><p>\u201cA governadora Regina Sousa determinou a mobiliza\u00e7\u00e3o de todos os \u00f3rg\u00e3os estaduais para atuarem nas a\u00e7\u00f5es de resposta e restaura\u00e7\u00e3o da normalidade administrativa no Estado, principalmente em rela\u00e7\u00e3o \u00e0 situa\u00e7\u00e3o das rodovias estaduais, bastante castigadas pelo inverno rigoroso deste ano\u201d, destacou a nota do governo.<\/p><\/blockquote>\n\n\n\n<p>O secret\u00e1rio de Estado de Governo, Ant\u00f4nio Neto, explicou que o objetivo do decreto \u00e9 permitir que as rodovias sejam recuperadas no menor espa\u00e7o de tempo poss\u00edvel, de modo a n\u00e3o comprometer a continuidade dos servi\u00e7os p\u00fablicos e nem a seguran\u00e7a das pessoas, das obras ou de outros bens p\u00fablicos e particulares.<\/p>\n\n\n\n<p>Segundo o relat\u00f3rio da diretoria, foram constatados in\u00fameros preju\u00edzos causados nas rodovias, como eros\u00f5es localizadas no leito das rodovias, com danos consider\u00e1veis na drenagem superficial e risco iminente de rompimento das vias por conta do grande volume de \u00e1gua acumulada com as fortes chuvas ocorridas desde o final do ano passado.<\/p>\n\n\n\n<p>O relat\u00f3rio apontou os pontos mais cr\u00edticos onde h\u00e1 necessidade da recupera\u00e7\u00e3o emergencial, com servi\u00e7os de restaura\u00e7\u00e3o, tapa-buracos e remendo profundo, visando dar condi\u00e7\u00f5es de trafegabilidade e seguran\u00e7a para os condutores de ve\u00edculos e para a popula\u00e7\u00e3o que utiliza essas rodovias.<\/p>\n\n\n\n<h2>Confira os trechos a serem recuperados:<\/h2>\n\n\n\n<ul><li>PI-305ENTR. BR-343 \/ CARA\u00daBAS DO PIAU\u00cd<\/li><li>PI-305CAXING\u00d3 \/ ENTR. PI-211<\/li><li>LIGA\u00c7\u00c3OENTR. PI-116 \/ ILHA GRANDE<\/li><li>LIGA\u00c7\u00c3OPICOS \/ POVOADO SANTA LUZIA<\/li><li>PI-224ENTR. BR-316 \/ ELESB\u00c3O VELOSO \/ FRANCIN\u00d3POLIS<\/li><li>PI-142ENTR. BR-020 \/ PIO IX<\/li><li>PI-142FRONTEIRAS \/ DIVISA TERRIT\u00d3RIO DO ITAIM<\/li><li>PI-458ENTR. PI-456 \/ CARIDADE DO PIAU\u00cd<\/li><li>PI-225ENTR. BR-316 \/ S\u00c3O MIGUEL DA BAIXA GRANDE<\/li><li>PI-225S\u00c3O MIGUEL DA BAIXA GRANDE \/ S\u00c3O FELIX DO PIAU\u00cd<\/li><li>PI-225S\u00c3O FELIX DO PIAU\u00cd \/ SANTA CRUZ DOS MILAGRES<\/li><li>PI-243PADRE MARCOS \/ FRANCISCO MACEDO<\/li><li>PI-142MARCOL\u00c2NDIA \/ SIM\u00d5ES<\/li><li>PI-322ENTR. PI-115 \/ BURITI DOS MONTES<\/li><li>PI-115ENTR. BR-343 (CAMPO MAIOR) \/ JUAZEIRO DO PIAU\u00cd<\/li><li>PI-115JUAZEIRO DO PIAU\u00cd \/ CASTELO DO PIAU\u00cd<\/li><li>PI-245SUSSUAPARA \/ S\u00c3O JOS\u00c9 DO PIAU\u00cd<\/li><li>PI-116LUIS CORREIA \/ POV. CAMURUPIM<\/li><li>PI-120VALEN\u00c7A \/ PIMENTEIRAS<\/li><li>PI-120BARRA DO ALCANTARA \/ VARGEA GRANDE<\/li><li>PI-224V\u00c1RZEA GRANDE \/ FRANCIN\u00d3POLIS<\/li><\/ul>\n\n\n\n<p><strong>Fonte: G1 PI<\/strong><\/p>\n","protected":false},"excerpt":{"rendered":"<p>Pelo menos 21 trechos de rodovias estaduais devem ser recuperados pelo Departamento de Estradas e Rodagem (DER) no Piau\u00ed nos pr\u00f3ximos meses. A informa\u00e7\u00e3o foi publicada no Di\u00e1rio Oficial pelo decreto n\u00ba 20.955. De acordo com o decreto, a recupera\u00e7\u00e3o \u00e9 uma emerg\u00eancia administrativa e foi tomada depois do relat\u00f3rio da Diretoria da Unidade de [&hellip;]<\/p>\n","protected":false},"author":1,"featured_media":34369,"comment_status":"open","ping_status":"open","sticky":false,"template":"","format":"standard","meta":{"beyondwords_generate_audio":"","beyondwords_project_id":"","beyondwords_podcast_id":"","beyondwords_hash":"","beyondwords_error_message":"","beyondwords_disabled":"","publish_post_to_speechkit":"","speechkit_generate_audio":"","speechkit_project_id":"","speechkit_podcast_id":"","speechkit_hash":"","speechkit_error_message":"","speechkit_disabled":"","speechkit_access_key":"","speechkit_error":"","speechkit_info":"","speechkit_response":"","speechkit_retries":"","_speechkit_link":"","_speechkit_text":""},"categories":[51],"tags":[44,10310,5787,458,811,118,5749,137,52,7233,10311,5496,835,425],"jetpack_featured_media_url":"https:\/\/pinews.com.br\/wp-content\/uploads\/2022\/05\/whatsapp-image-2022-03-31-at-11.58.17.jpeg","_links":{"self":[{"href":"https:\/\/pinews.com.br\/index.php\/wp-json\/wp\/v2\/posts\/34368"}],"collection":[{"href":"https:\/\/pinews.com.br\/index.php\/wp-json\/wp\/v2\/posts"}],"about":[{"href":"https:\/\/pinews.com.br\/index.php\/wp-json\/wp\/v2\/types\/post"}],"author":[{"embeddable":true,"href":"https:\/\/pinews.com.br\/index.php\/wp-json\/wp\/v2\/users\/1"}],"replies":[{"embeddable":true,"href":"https:\/\/pinews.com.br\/index.php\/wp-json\/wp\/v2\/comments?post=34368"}],"version-history":[{"count":0,"href":"https:\/\/pinews.com.br\/index.php\/wp-json\/wp\/v2\/posts\/34368\/revisions"}],"wp:featuredmedia":[{"embeddable":true,"href":"https:\/\/pinews.com.br\/index.php\/wp-json\/wp\/v2\/media\/34369"}],"wp:attachment":[{"href":"https:\/\/pinews.com.br\/index.php\/wp-json\/wp\/v2\/media?parent=34368"}],"wp:term":[{"taxonomy":"category","embeddable":true,"href":"https:\/\/pinews.com.br\/index.php\/wp-json\/wp\/v2\/categories?post=34368"},{"taxonomy":"post_tag","embeddable":true,"href":"https:\/\/pinews.com.br\/index.php\/wp-json\/wp\/v2\/tags?post=34368"}],"curies":[{"name":"wp","href":"https:\/\/api.w.org\/{rel}","templated":true}]}}