{"id":34436,"date":"2022-05-21T11:14:34","date_gmt":"2022-05-21T14:14:34","guid":{"rendered":"https:\/\/pinews.com.br\/?p=34436"},"modified":"2022-05-21T11:14:34","modified_gmt":"2022-05-21T14:14:34","slug":"prefeito-de-cidade-do-piaui-morre-apos-oito-dias-internado-na-uti","status":"publish","type":"post","link":"https:\/\/pinews.com.br\/index.php\/2022\/05\/21\/prefeito-de-cidade-do-piaui-morre-apos-oito-dias-internado-na-uti\/","title":{"rendered":"Prefeito de cidade do Piau\u00ed morre ap\u00f3s oito dias internado na uti"},"content":{"rendered":"\n<p>O prefeito de Pedro II, Alvimar Oliveira (Progressistas), de 65 anos, morreu na manh\u00e3 deste s\u00e1bado (21) na Unidade de Terapia Intensiva (UTI) de um hospital particular de Teresina.<\/p>\n\n\n\n<p>Ele deu entrada no hospital na sexta-feira (13) e no dia seguinte o seu quadro se agravou. Ap\u00f3s oito dias internado, ele n\u00e3o resistiu.<\/p>\n\n\n\n<p>O gestor era casado com Eleonora Maria Alves Costa Andrade e deixa quatro filhos: Alvimar Oliveira de Andrade Junior, David Salom\u00e3o Costa de Andrade, Luana Stela Brand\u00e3o de Andrade e In\u00e1cia Raquel Martins de Andrade.<\/p>\n\n\n\n<p>De acordo com o boletim m\u00e9dico emitido na quinta-feira (19), o \u00faltimo divulgado pela assessoria de comunica\u00e7\u00e3o da prefeitura, Alvimar Oliveira foi diagnosticado com choque s\u00e9ptico (infec\u00e7\u00e3o generalizada) e encontrava-se intubado e em ventila\u00e7\u00e3o mec\u00e2nica.<\/p>\n\n\n\n<p>Ainda n\u00e3o h\u00e1 informa\u00e7\u00f5es sobre o que levou o gestor ao quadro de infec\u00e7\u00e3o.<\/p>\n\n\n\n<p>Em 2021, o prefeito chegou a ser afastar quatro vezes do carto para tratamento m\u00e9dico. No primeiro afastamento, Alvimar fez uma cirurgia na coluna. A vice-prefeita, Betinha Brand\u00e3o, j\u00e1 estava no cargo devido \u00e0 necessidade de afastamento do gestor.<\/p>\n\n\n\n<h2>Biografia<\/h2>\n\n\n\n<p>Alvimar Oliveira de Andrade era natural de Pedro II. Cursou a escola prim\u00e1ria no Grupo Escolar Marechal Pires Ferreira e o curso gin\u00e1sio na Escola Prof.Filipino Orsano; Segundo grau completo na Companhia Nacional de Escolas da Comunidade \u2013 CNEC de Pedro II; Cursou at\u00e9 o segundo ano pela Universidade Federal do Piau\u00ed o curso de Licenciatura Plena em Agropecu\u00e1ria.<\/p>\n\n\n\n<p>Em 1987 resolveu seguir a profiss\u00e3o de seu pai, como comerciante, per\u00edodo em que iniciou na carreira pol\u00edtica partid\u00e1ria, onde presidiu diversas agremia\u00e7\u00f5es pol\u00edticas, estando atualmente como Presidente Municipal do Progressistas de Pedro II.<\/p>\n\n\n\n<p>De 1992 a 1996 exerceu o cargo de Secret\u00e1rio de Finan\u00e7as na Prefeitura Municipal de Pedro II, na gest\u00e3o de seu irm\u00e3o, o ex-prefeito Jo\u00e3o Eudes Martins.<\/p>\n\n\n\n<p>Durante dois mandatos, compreendidos de 2005 a 2008 e de 2009 a 2012, exerceu o cargo de Prefeito Municipal de Pedro II.<\/p>\n\n\n\n<p>Onde, tamb\u00e9m, por esse per\u00edodo, participou da mesa diretora da Associa\u00e7\u00e3o Piauiense de Munic\u00edpios \u2013 APPM, nos anos de 2005 a 2007;<\/p>\n\n\n\n<p>Em 2008, recebeu o t\u00edtulo M\u00e9rito Legislativo conferido pela Assembleia Legislativa do Estado do Piau\u00ed \u2013 ALEPI\/PI, pelos relevantes servi\u00e7os prestados ao Estado.<\/p>\n\n\n\n<p>No ano de 2016 foi novamente eleito, como Prefeito Municipal de Pedro II, para exercer seu terceiro mandato \u00e0 frente do munic\u00edpio, para o quadri\u00eanio 2017\/2020.<\/p>\n\n\n\n<p>Novamente, no ano de 2020 foi reeleito prefeito de Pedro II, tornando-se o \u00fanico gestor a administrar por 04 (quatro) mandatos o munic\u00edpio.<\/p>\n\n\n\n<p><strong>Fonte: G1 PI<\/strong><\/p>\n","protected":false},"excerpt":{"rendered":"<p>O prefeito de Pedro II, Alvimar Oliveira (Progressistas), de 65 anos, morreu na manh\u00e3 deste s\u00e1bado (21) na Unidade de Terapia Intensiva (UTI) de um hospital particular de Teresina. Ele deu entrada no hospital na sexta-feira (13) e no dia seguinte o seu quadro se agravou. Ap\u00f3s oito dias internado, ele n\u00e3o resistiu. O gestor [&hellip;]<\/p>\n","protected":false},"author":1,"featured_media":34437,"comment_status":"open","ping_status":"open","sticky":false,"template":"","format":"standard","meta":{"beyondwords_generate_audio":"","beyondwords_project_id":"","beyondwords_podcast_id":"","beyondwords_hash":"","beyondwords_error_message":"","beyondwords_disabled":"","publish_post_to_speechkit":"","speechkit_generate_audio":"","speechkit_project_id":"","speechkit_podcast_id":"","speechkit_hash":"","speechkit_error_message":"","speechkit_disabled":"","speechkit_access_key":"","speechkit_error":"","speechkit_info":"","speechkit_response":"","speechkit_retries":"","_speechkit_link":"","_speechkit_text":""},"categories":[134,51],"tags":[70,63,44,787,5335,119,91,5522,52,889,792],"jetpack_featured_media_url":"https:\/\/pinews.com.br\/wp-content\/uploads\/2022\/05\/prefeito-3.jpg","_links":{"self":[{"href":"https:\/\/pinews.com.br\/index.php\/wp-json\/wp\/v2\/posts\/34436"}],"collection":[{"href":"https:\/\/pinews.com.br\/index.php\/wp-json\/wp\/v2\/posts"}],"about":[{"href":"https:\/\/pinews.com.br\/index.php\/wp-json\/wp\/v2\/types\/post"}],"author":[{"embeddable":true,"href":"https:\/\/pinews.com.br\/index.php\/wp-json\/wp\/v2\/users\/1"}],"replies":[{"embeddable":true,"href":"https:\/\/pinews.com.br\/index.php\/wp-json\/wp\/v2\/comments?post=34436"}],"version-history":[{"count":0,"href":"https:\/\/pinews.com.br\/index.php\/wp-json\/wp\/v2\/posts\/34436\/revisions"}],"wp:featuredmedia":[{"embeddable":true,"href":"https:\/\/pinews.com.br\/index.php\/wp-json\/wp\/v2\/media\/34437"}],"wp:attachment":[{"href":"https:\/\/pinews.com.br\/index.php\/wp-json\/wp\/v2\/media?parent=34436"}],"wp:term":[{"taxonomy":"category","embeddable":true,"href":"https:\/\/pinews.com.br\/index.php\/wp-json\/wp\/v2\/categories?post=34436"},{"taxonomy":"post_tag","embeddable":true,"href":"https:\/\/pinews.com.br\/index.php\/wp-json\/wp\/v2\/tags?post=34436"}],"curies":[{"name":"wp","href":"https:\/\/api.w.org\/{rel}","templated":true}]}}