{"id":34729,"date":"2022-05-24T11:41:37","date_gmt":"2022-05-24T14:41:37","guid":{"rendered":"https:\/\/pinews.com.br\/?p=34729"},"modified":"2022-05-24T11:41:37","modified_gmt":"2022-05-24T14:41:37","slug":"jovem-que-estava-desaparecido-e-achado-morto-com-pes-e-maos-amarrados-no-piaui","status":"publish","type":"post","link":"https:\/\/pinews.com.br\/index.php\/2022\/05\/24\/jovem-que-estava-desaparecido-e-achado-morto-com-pes-e-maos-amarrados-no-piaui\/","title":{"rendered":"Jovem que estava desaparecido \u00e9 achado morto, com p\u00e9s e m\u00e3os amarrados no Piau\u00ed"},"content":{"rendered":"\n<p>Um corpo em avan\u00e7ado estado de decomposi\u00e7\u00e3o foi encontrado, na noite de segunda-feira (23), em uma regi\u00e3o de mata fechada, na localidade Barro Vermelho, Zona Rural de Parna\u00edba, litoral do Piau\u00ed.<\/p>\n\n\n\n<p>Policiais militares do munic\u00edpio de Ilha Grande, acionaram o Instituto M\u00e9dico Legal (IML), ap\u00f3s serem comunicados sobre um corpo que havia sido localizado por um popular, a fam\u00edlia acompanhou todo o trabalho da per\u00edcia, pois o local era de dif\u00edcil acesso.<\/p>\n\n\n\n<p>A v\u00edtima identificada por Francisco Menezes Rosa, de 27 anos, estava desaparecida desde o \u00faltimo s\u00e1bado (21). Ele foi encontrado com m\u00e3os e p\u00e9s amarrados, e o corpo apresentava perfura\u00e7\u00f5es de arma branca.<\/p>\n\n\n\n<p>Ap\u00f3s o trabalho da per\u00edcia criminal, o corpo foi removido pelo IML. A motiva\u00e7\u00e3o do crime ainda \u00e9 desconhecida e n\u00e3o h\u00e1 at\u00e9 o momento, informa\u00e7\u00f5es sobre quem praticou o crime.<\/p>\n\n\n\n<p><strong>Fonte: Com informa\u00e7\u00f5es do Click Parna\u00edba\/ Meio Norte<\/strong><\/p>\n","protected":false},"excerpt":{"rendered":"<p>Um corpo em avan\u00e7ado estado de decomposi\u00e7\u00e3o foi encontrado, na noite de segunda-feira (23), em uma regi\u00e3o de mata fechada, na localidade Barro Vermelho, Zona Rural de Parna\u00edba, litoral do Piau\u00ed. Policiais militares do munic\u00edpio de Ilha Grande, acionaram o Instituto M\u00e9dico Legal (IML), ap\u00f3s serem comunicados sobre um corpo que havia sido localizado por [&hellip;]<\/p>\n","protected":false},"author":1,"featured_media":34730,"comment_status":"open","ping_status":"open","sticky":false,"template":"","format":"standard","meta":{"beyondwords_generate_audio":"","beyondwords_project_id":"","beyondwords_podcast_id":"","beyondwords_hash":"","beyondwords_error_message":"","beyondwords_disabled":"","publish_post_to_speechkit":"","speechkit_generate_audio":"","speechkit_project_id":"","speechkit_podcast_id":"","speechkit_hash":"","speechkit_error_message":"","speechkit_disabled":"","speechkit_access_key":"","speechkit_error":"","speechkit_info":"","speechkit_response":"","speechkit_retries":"","_speechkit_link":"","_speechkit_text":""},"categories":[51,78],"tags":[335,7547,199,72,201,266,1926,197,919,52],"jetpack_featured_media_url":"https:\/\/pinews.com.br\/wp-content\/uploads\/2022\/05\/corpo-de-jovem-que-estava-desaparecido-e-achado-com-pes-e-maos-amarrados-4e487cc4-ba86-4891-aa91-f1b0ed16f25e.webp","_links":{"self":[{"href":"https:\/\/pinews.com.br\/index.php\/wp-json\/wp\/v2\/posts\/34729"}],"collection":[{"href":"https:\/\/pinews.com.br\/index.php\/wp-json\/wp\/v2\/posts"}],"about":[{"href":"https:\/\/pinews.com.br\/index.php\/wp-json\/wp\/v2\/types\/post"}],"author":[{"embeddable":true,"href":"https:\/\/pinews.com.br\/index.php\/wp-json\/wp\/v2\/users\/1"}],"replies":[{"embeddable":true,"href":"https:\/\/pinews.com.br\/index.php\/wp-json\/wp\/v2\/comments?post=34729"}],"version-history":[{"count":0,"href":"https:\/\/pinews.com.br\/index.php\/wp-json\/wp\/v2\/posts\/34729\/revisions"}],"wp:featuredmedia":[{"embeddable":true,"href":"https:\/\/pinews.com.br\/index.php\/wp-json\/wp\/v2\/media\/34730"}],"wp:attachment":[{"href":"https:\/\/pinews.com.br\/index.php\/wp-json\/wp\/v2\/media?parent=34729"}],"wp:term":[{"taxonomy":"category","embeddable":true,"href":"https:\/\/pinews.com.br\/index.php\/wp-json\/wp\/v2\/categories?post=34729"},{"taxonomy":"post_tag","embeddable":true,"href":"https:\/\/pinews.com.br\/index.php\/wp-json\/wp\/v2\/tags?post=34729"}],"curies":[{"name":"wp","href":"https:\/\/api.w.org\/{rel}","templated":true}]}}