{"id":34742,"date":"2022-05-24T17:34:39","date_gmt":"2022-05-24T20:34:39","guid":{"rendered":"https:\/\/pinews.com.br\/?p=34742"},"modified":"2022-05-24T17:34:39","modified_gmt":"2022-05-24T20:34:39","slug":"ossada-e-encontrada-no-piaui-e-familia-reconhece-roupas-de-adolescente-desaparecido-ha-um-mes","status":"publish","type":"post","link":"https:\/\/pinews.com.br\/index.php\/2022\/05\/24\/ossada-e-encontrada-no-piaui-e-familia-reconhece-roupas-de-adolescente-desaparecido-ha-um-mes\/","title":{"rendered":"Ossada \u00e9 encontrada no Piau\u00ed e fam\u00edlia reconhece roupas de adolescente desaparecido h\u00e1 um m\u00eas"},"content":{"rendered":"\n<p>Uma ossada humana foi encontrada nesta ter\u00e7a-feira (24) no Vale do Gavi\u00e3o, Zona Leste de Teresina. Segundo o delegado Bruno Ursulino, do Departamento de Homic\u00eddio e Prote\u00e7\u00e3o \u00e0 Pessoa (DHPP), a fam\u00edlia de um adolescente desaparecido h\u00e1 um m\u00eas acredita que a ossada seja do jovem.<\/p>\n\n\n\n<p>O delegado informou que a ossada foi achado por moradores da regi\u00e3o em um local afastado, onde a popula\u00e7\u00e3o costuma despejar lixo. A suspeita \u00e9 de que a morte tenha acontecido pouco ap\u00f3s o desaparecimento, j\u00e1 que no lugar foram achados apenas os ossos.<\/p>\n\n\n\n<p>Perto da ossada, foram achadas roupas que a fam\u00edlia de Fernando Ribeiro da Silva Filho, 13 anos, reconheceu como sendo dele. O menino desaparecido no dia 24 de abril, ao sair para uma festa escondido da fam\u00edlia.<\/p>\n\n\n\n<figure class=\"wp-block-image is-resized\"><img decoding=\"async\" loading=\"lazy\" src=\"https:\/\/s2.glbimg.com\/qnSGPKEqNMKkjgwJwuNvaKZ8q7k=\/0x0:655x538\/984x0\/smart\/filters:strip_icc()\/i.s3.glbimg.com\/v1\/AUTH_59edd422c0c84a879bd37670ae4f538a\/internal_photos\/bs\/2022\/v\/r\/7WUSeTRROrnMyeza4WuA\/whatsapp-image-2022-05-24-at-16.04.18-1-.jpeg\" alt=\"Ossada \u00e9 encontrada em Teresina e fam\u00edlia reconhece roupas de adolescente desaparecido h\u00e1 um m\u00eas \u2014 Foto: Divulga\u00e7\u00e3o\/DHPP\" width=\"377\" height=\"309\"\/><figcaption>Ossada \u00e9 encontrada em Teresina e fam\u00edlia reconhece roupas de adolescente desaparecido h\u00e1 um m\u00eas \u2014 Foto: Divulga\u00e7\u00e3o\/<\/figcaption><\/figure>\n\n\n\n<p>&#8220;Ainda ser\u00e3o feitos exames para confirmar que o corpo era dele. Mas h\u00e1 inclusive testemunhas que relataram que, no dia que ele desapareceu, viram ele correndo pr\u00f3ximo do local onde a ossada foi achada. A fam\u00edlia j\u00e1 tinha feito buscas, mas n\u00e3o encontrou nada&#8221;, informou o delegado.<\/p>\n\n\n\n<p>Ainda n\u00e3o foi identificada a causa da morte. Assim, n\u00e3o \u00e9 poss\u00edvel definir ainda se o jovem foi v\u00edtima de um homic\u00eddio. Exames ir\u00e3o definir como a v\u00edtima morreu e se realmente a ossada \u00e9 de Fernando.<\/p>\n\n\n\n<p><strong>Fonte: G1 PI<\/strong><\/p>\n","protected":false},"excerpt":{"rendered":"<p>Uma ossada humana foi encontrada nesta ter\u00e7a-feira (24) no Vale do Gavi\u00e3o, Zona Leste de Teresina. Segundo o delegado Bruno Ursulino, do Departamento de Homic\u00eddio e Prote\u00e7\u00e3o \u00e0 Pessoa (DHPP), a fam\u00edlia de um adolescente desaparecido h\u00e1 um m\u00eas acredita que a ossada seja do jovem. O delegado informou que a ossada foi achado por [&hellip;]<\/p>\n","protected":false},"author":1,"featured_media":34743,"comment_status":"open","ping_status":"open","sticky":false,"template":"","format":"standard","meta":{"beyondwords_generate_audio":"","beyondwords_project_id":"","beyondwords_podcast_id":"","beyondwords_hash":"","beyondwords_error_message":"","beyondwords_disabled":"","publish_post_to_speechkit":"","speechkit_generate_audio":"","speechkit_project_id":"","speechkit_podcast_id":"","speechkit_hash":"","speechkit_error_message":"","speechkit_disabled":"","speechkit_access_key":"","speechkit_error":"","speechkit_info":"","speechkit_response":"","speechkit_retries":"","_speechkit_link":"","_speechkit_text":""},"categories":[51,78,81],"tags":[177,44,199,72,471,244,603,1974,605,52,8576,1052,436],"jetpack_featured_media_url":"https:\/\/pinews.com.br\/wp-content\/uploads\/2022\/05\/whatsapp-image-2022-05-24-at-16.04.18.jpeg","_links":{"self":[{"href":"https:\/\/pinews.com.br\/index.php\/wp-json\/wp\/v2\/posts\/34742"}],"collection":[{"href":"https:\/\/pinews.com.br\/index.php\/wp-json\/wp\/v2\/posts"}],"about":[{"href":"https:\/\/pinews.com.br\/index.php\/wp-json\/wp\/v2\/types\/post"}],"author":[{"embeddable":true,"href":"https:\/\/pinews.com.br\/index.php\/wp-json\/wp\/v2\/users\/1"}],"replies":[{"embeddable":true,"href":"https:\/\/pinews.com.br\/index.php\/wp-json\/wp\/v2\/comments?post=34742"}],"version-history":[{"count":0,"href":"https:\/\/pinews.com.br\/index.php\/wp-json\/wp\/v2\/posts\/34742\/revisions"}],"wp:featuredmedia":[{"embeddable":true,"href":"https:\/\/pinews.com.br\/index.php\/wp-json\/wp\/v2\/media\/34743"}],"wp:attachment":[{"href":"https:\/\/pinews.com.br\/index.php\/wp-json\/wp\/v2\/media?parent=34742"}],"wp:term":[{"taxonomy":"category","embeddable":true,"href":"https:\/\/pinews.com.br\/index.php\/wp-json\/wp\/v2\/categories?post=34742"},{"taxonomy":"post_tag","embeddable":true,"href":"https:\/\/pinews.com.br\/index.php\/wp-json\/wp\/v2\/tags?post=34742"}],"curies":[{"name":"wp","href":"https:\/\/api.w.org\/{rel}","templated":true}]}}