{"id":34753,"date":"2022-05-25T11:32:01","date_gmt":"2022-05-25T14:32:01","guid":{"rendered":"https:\/\/pinews.com.br\/?p=34753"},"modified":"2022-05-25T11:32:01","modified_gmt":"2022-05-25T14:32:01","slug":"atirador-mata-19-criancas-e-dois-adultos-em-escola-primaria","status":"publish","type":"post","link":"https:\/\/pinews.com.br\/index.php\/2022\/05\/25\/atirador-mata-19-criancas-e-dois-adultos-em-escola-primaria\/","title":{"rendered":"Atirador mata 19 crian\u00e7as e dois adultos em escola prim\u00e1ria"},"content":{"rendered":"\n<p>Um homem de 18 anos parou seu carro, desceu armado, entrou em uma escola de ensino fundamental e matou a tiros ao menos 19 crian\u00e7as e 2 adultos. O ataque ocorreu em Uvalde, cidade no sul do Texas onde tr\u00eas de cada quatro moradores s\u00e3o de origem latina. \u00c9 o pior massacre em uma institui\u00e7\u00e3o de ensino infantil nos EUA em quase dez anos.<\/p>\n\n\n\n<p>O atirador foi identificado como Salvador Ramos. Por volta das 11h30 (13h30 em Bras\u00edlia), ele entrou na escola com uma pistola e disparou contra os alunos e a professora -h\u00e1 a suspeita de que ele portasse tamb\u00e9m um rifle. Em seguida, foi morto pela pol\u00edcia, segundo o governador do Texas, Greg Abbott.<\/p>\n\n\n\n<p>Inicialmente, o republicano havia informado 14 v\u00edtimas entre as crian\u00e7as, mas horas depois um porta-voz do Departamento de Seguran\u00e7a P\u00fablica do estado confirmou a morte de 19 crian\u00e7as e 2 adultos. Dois agentes que atenderam a ocorr\u00eancia ficaram feridos, um dos quais foi o respons\u00e1vel pela morte do atirador, e hospitais da regi\u00e3o tratavam ao menos dois feridos, incluindo uma mulher de 66 anos e uma menina de 10, em estado cr\u00edtico.<\/p>\n\n\n\n<p>O presidente Joe Biden usou o caso para, em um discurso emocionado, voltar a criticar o lobby pr\u00f3-armas no pa\u00eds e a defender o controle no acesso a armamentos. &#8220;Estou cansado disso&#8221;, disse, em uma fala de sete minutos. &#8220;Por que? Por que estamos dispostos a viver com essa carnificina? Por que continuamos deixando isso acontecer?&#8221;<\/p>\n\n\n\n<p>N\u00e3o s\u00e3o conhecidas ainda as motiva\u00e7\u00f5es para o ataque, e a identidade das v\u00edtimas n\u00e3o foi revelada -o jornal The New York Times apontou que um dos adultos era a professora Eva Mireles, morta ao tentar defender seus alunos. Segundo a pol\u00edcia as investiga\u00e7\u00f5es ainda est\u00e3o no in\u00edcio, mas tudo indica que Ramos agiu sozinho. Ele era morador de Uvalde, cidade onde cursou o ensino m\u00e9dio. O condado tem 24 mil habitantes e fica a cerca de 100 quil\u00f4metros da fronteira com o M\u00e9xico.<\/p>\n\n\n\n<p>O senador estadual Roland Gutierrez disse, em entrevista \u00e0 CNN, que o jovem teria atirado na av\u00f3 em outro local e fugido da cena do crime pouco antes de atacar a escola. O pol\u00edtico afirmou ainda que o atirador teria obtido as armas em seu anivers\u00e1rio de 18 anos e publicado amea\u00e7as a crian\u00e7as em redes sociais.<\/p>\n\n\n\n<p>A escola atacada, chamada Robb, tem pouco menos de 600 alunos matriculados. Os pais dos alunos foram orientados a n\u00e3o se aproximar do local para tentar buscar seus filhos e a se reunir em um centro comunit\u00e1rio para obter informa\u00e7\u00f5es. A seguran\u00e7a do local foi feita inicialmente com ajuda de guardas da patrulha de fronteiras.<\/p>\n\n\n\n<p>As institui\u00e7\u00f5es de ensino dos EUA vivem os \u00faltimos dias de aula antes das f\u00e9rias de ver\u00e3o. O ano letivo terminaria na Robb nesta quinta-feira (26), com uma festa de formatura programada para a sexta (27). Por conta do ataque, n\u00e3o haver\u00e1 mais aulas na institui\u00e7\u00e3o por tempo indeterminado e a gradua\u00e7\u00e3o foi adiada.<\/p>\n\n\n\n<p>Biden estava em um voo no momento do ataque, voltando da \u00c1sia. No come\u00e7o da noite, fez um discurso emocionado na Casa Branca, no qual alternou momentos de tristeza com pedidos de a\u00e7\u00e3o.<\/p>\n\n\n\n<p>&#8220;Quantas crian\u00e7as testemunharam o que aconteceu e viram seus amigos morrerem como se estivessem em um campo de batalha? E os pais nunca ser\u00e3o os mesmos. Perder um filho \u00e9 como ter um peda\u00e7o de sua alma arrancado&#8221;, disse. Uma filha pequena do presidente morreu em um acidente de carro em 1973.<\/p>\n\n\n\n<p>&#8220;A ideia de que um garoto de 18 anos possa comprar dois rifles \u00e9 errada. Fabricantes est\u00e3o h\u00e1 d\u00e9cadas oferecendo agressivamente armas que geram enormes lucros. Quando, em nome de Deus, vamos nos levantar e enfrentar o lobby das armas?&#8221;<\/p>\n\n\n\n<p>Biden falou com l\u00e1grimas nos olhos em v\u00e1rios momentos. &#8220;Quando me tornei presidente, torci para que n\u00e3o precisasse fazer isso de novo&#8221;, afirmou. A cena lembrou a do ent\u00e3o presidente Barack Obama ao falar sobre o massacre de Sandy Hook, em 2012.<\/p>\n\n\n\n<p>O ataque em Uvalde ocorre dez dias depois de outra a\u00e7\u00e3o similar. Em 14 de maio, um homem de 18 anos matou dez pessoas negras na cidade de Buffalo, no estado de Nova York. O atirador, Payton Gendron, abriu fogo contra clientes de um supermercado, numa a\u00e7\u00e3o transmitida ao vivo pela internet -ambiente no qual tamb\u00e9m publicou um manifesto para justificar o ataque, baseado em teorias racistas, como a de que os negros estariam tomando o lugar dos brancos na sociedade.<\/p>\n\n\n\n<p>O caso desta ter\u00e7a foi o maior ataque \u00e0 uma escola prim\u00e1ria desde Sandy Hook, em Connecticut. Naquela ocasi\u00e3o, um homem de 20 anos matou 26 pessoas, sendo que 12 eram crian\u00e7as com idade entre seis e sete anos.<\/p>\n\n\n\n<p>Novos pedidos por restri\u00e7\u00f5es no acesso a armas nos EUA foram feitos nesta ter\u00e7a. &#8220;Outro ataque a tiros. E o Partido Republicano n\u00e3o far\u00e1 nada sobre isso. O que diabos somos n\u00f3s se n\u00e3o conseguimos manter nossas crian\u00e7as seguras. Isso pode ser prevenido. Nossa ina\u00e7\u00e3o \u00e9 uma escolha&#8221;, publicou Gavin Newsom, governador democrata da Calif\u00f3rnia, em uma rede social.<\/p>\n\n\n\n<p>Em sess\u00e3o plen\u00e1ria no Congresso, o senador democrata Chris Murphy fez um discurso emocionado. &#8220;Por que estamos aqui? Se n\u00e3o para tentar garantir que menos escolas e menos comunidades passem pelo que Sandy Hook passou, pelo que Uvalde est\u00e1 passando?&#8221;, questionou o parlamentar, de Connecticut.<\/p>\n\n\n\n<p>Em outra fala emocionada, o treinador de basquete Steve Kerr, do Golden State Warriors, fez um apelo para que os senadores tomem a\u00e7\u00f5es para evitar novos massacres. &#8220;Tivemos crian\u00e7as assassinadas na escola. Temos que fazer algo. Estou t\u00e3o cansado de vir aqui e oferecer condol\u00eancias para as fam\u00edlias devastadas&#8221;, disse, entre socos na mesa. &#8220;N\u00e3o podemos sentar aqui, apenas ler sobre isso, ter um momento de sil\u00eancio e ter um jogo de basquete [&#8230;] \u00c9 pat\u00e9tico. J\u00e1 tive o suficiente.&#8221;<\/p>\n\n\n\n<p>Ken Paxton, republicano que \u00e9 procurador-geral do Texas, sugeriu que uma sa\u00edda para evitar ataques assim seria armar os professores. &#8220;Agentes geralmente n\u00e3o conseguem chegar a tempo para conter um ataque. Temos que fazer mais coisas nas escolas, ter pessoas no local treinadas para reagir&#8221;, disse, em entrevista ao canal Newsmax.<\/p>\n\n\n\n<p>O estado foi cen\u00e1rio de outro ataque em 2019, quando um atirador matou 23 pessoas em um supermercado em El Paso, cidade que faz fronteira com o M\u00e9xico. O autor do crime, que tinha 21 anos na \u00e9poca, havia publicado um manifesto contra os imigrantes latinos.<\/p>\n\n\n\n<p>O porte de armas \u00e9 garantido pela Constitui\u00e7\u00e3o, mas muitos especialistas, ativistas e pol\u00edticos defendem maior controle de acesso, como medidas para impedir que pessoas com problemas psicol\u00f3gicos ou hist\u00f3rico de viol\u00eancia tenham acesso a armamentos de alto calibre. No entanto, pol\u00edticos ligados ao<\/p>\n\n\n\n<p>Partido Republicano costumam barrar medidas nesse sentido, pois veem o direito a se armar como um s\u00edmbolo de liberdade a ser preservado.<\/p>\n\n\n\n<p>Enquanto isso, indicadores t\u00eam mostrado que o n\u00famero de ataques a tiros v\u00eam aumentando. Dados do jornal Education Week apontam que 2021 foi o ano com mais tiroteios em col\u00e9gios americanos desde 2018, quando o ve\u00edculo come\u00e7ou a monitorar o assunto. Foram 28 epis\u00f3dios com ao menos uma pessoa morta ou ferida contra dez em 2020, quando as escolas estavam fechadas devido \u00e0 Covid, e 24 em 2019 e 2018.<\/p>\n\n\n\n<p>O caso recente de maior repercuss\u00e3o se deu em dezembro, em uma escola de Oxford, cidade pr\u00f3xima a Detroit, em Michigan. Quatro estudantes, com idades entre 14 e 17 anos, morreram e outros seis ficaram feridos, al\u00e9m de um professor. O autor do ataque, um jovem de 15 anos, foi acusado de homic\u00eddio e ato terrorista e poder\u00e1 passar o resto da vida na pris\u00e3o, pois \u00e9 processado como se fosse maior de idade.<\/p>\n\n\n\n<p>Nesta segunda (23), relat\u00f3rio divulgado pelo FBI, a pol\u00edcia federal americana, mostrou que o n\u00famero de incidentes provocados por atiradores dobrou nos EUA nos \u00faltimos tr\u00eas anos. O documento registra que, em 2018, foram contabilizadas 30 a\u00e7\u00f5es perpetradas por um ou mais indiv\u00edduos com a inten\u00e7\u00e3o de matar em \u00e1reas populosas. Em 2021, esse n\u00famero chegou a 61.<\/p>\n\n\n\n<p>A velocidade de crescimento dos epis\u00f3dios tamb\u00e9m subiu. Em 2019, a cifra se manteve est\u00e1vel em rela\u00e7\u00e3o ao ano anterior, em 30 casos -em 2017, foram 31-, mas subiu para 40 em 2020, aumento de 33%. Na sequ\u00eancia, houve um salto de 52,5% nos registros em 2021, de acordo com o relat\u00f3rio do FBI.<\/p>\n\n\n\n<p><strong>Fonte: Folhapress<\/strong><\/p>\n","protected":false},"excerpt":{"rendered":"<p>Um homem de 18 anos parou seu carro, desceu armado, entrou em uma escola de ensino fundamental e matou a tiros ao menos 19 crian\u00e7as e 2 adultos. O ataque ocorreu em Uvalde, cidade no sul do Texas onde tr\u00eas de cada quatro moradores s\u00e3o de origem latina. \u00c9 o pior massacre em uma institui\u00e7\u00e3o [&hellip;]<\/p>\n","protected":false},"author":1,"featured_media":34754,"comment_status":"open","ping_status":"open","sticky":false,"template":"","format":"standard","meta":{"beyondwords_generate_audio":"","beyondwords_project_id":"","beyondwords_podcast_id":"","beyondwords_hash":"","beyondwords_error_message":"","beyondwords_disabled":"","publish_post_to_speechkit":"","speechkit_generate_audio":"","speechkit_project_id":"","speechkit_podcast_id":"","speechkit_hash":"","speechkit_error_message":"","speechkit_disabled":"","speechkit_access_key":"","speechkit_error":"","speechkit_info":"","speechkit_response":"","speechkit_retries":"","_speechkit_link":"","_speechkit_text":""},"categories":[134,1147],"tags":[639,598,9933,344,106,46,1425,49,10336],"jetpack_featured_media_url":"https:\/\/pinews.com.br\/wp-content\/uploads\/2022\/05\/bca478175f1d4d9fbd4c06823a6345d7.webp","_links":{"self":[{"href":"https:\/\/pinews.com.br\/index.php\/wp-json\/wp\/v2\/posts\/34753"}],"collection":[{"href":"https:\/\/pinews.com.br\/index.php\/wp-json\/wp\/v2\/posts"}],"about":[{"href":"https:\/\/pinews.com.br\/index.php\/wp-json\/wp\/v2\/types\/post"}],"author":[{"embeddable":true,"href":"https:\/\/pinews.com.br\/index.php\/wp-json\/wp\/v2\/users\/1"}],"replies":[{"embeddable":true,"href":"https:\/\/pinews.com.br\/index.php\/wp-json\/wp\/v2\/comments?post=34753"}],"version-history":[{"count":0,"href":"https:\/\/pinews.com.br\/index.php\/wp-json\/wp\/v2\/posts\/34753\/revisions"}],"wp:featuredmedia":[{"embeddable":true,"href":"https:\/\/pinews.com.br\/index.php\/wp-json\/wp\/v2\/media\/34754"}],"wp:attachment":[{"href":"https:\/\/pinews.com.br\/index.php\/wp-json\/wp\/v2\/media?parent=34753"}],"wp:term":[{"taxonomy":"category","embeddable":true,"href":"https:\/\/pinews.com.br\/index.php\/wp-json\/wp\/v2\/categories?post=34753"},{"taxonomy":"post_tag","embeddable":true,"href":"https:\/\/pinews.com.br\/index.php\/wp-json\/wp\/v2\/tags?post=34753"}],"curies":[{"name":"wp","href":"https:\/\/api.w.org\/{rel}","templated":true}]}}