{"id":34776,"date":"2022-05-25T16:51:03","date_gmt":"2022-05-25T19:51:03","guid":{"rendered":"https:\/\/pinews.com.br\/?p=34776"},"modified":"2022-05-25T16:51:03","modified_gmt":"2022-05-25T19:51:03","slug":"homem-e-condenado-a-22-anos-de-cadeia-por-matar-mulher-no-piaui","status":"publish","type":"post","link":"https:\/\/pinews.com.br\/index.php\/2022\/05\/25\/homem-e-condenado-a-22-anos-de-cadeia-por-matar-mulher-no-piaui\/","title":{"rendered":"Homem \u00e9 condenado a 22 anos de cadeia por matar mulher no Piau\u00ed"},"content":{"rendered":"\n<p>O Minist\u00e9rio P\u00fablico do Estado do Piau\u00ed, por meio do Promotor de Justi\u00e7a de S\u00e3o Pedro do Piau\u00ed, Nielsen Silva Mendes Lima, atuou nessa segunda-feira (23\/05), em mais uma sess\u00e3o do Tribunal Popular do J\u00fari. O trabalho do \u00f3rg\u00e3o do Minist\u00e9rio P\u00fablico do Piau\u00ed, no julgamento de ontem, resultou na condena\u00e7\u00e3o de Jos\u00e9 Roberto Barbosa Soares pelo feminic\u00eddio de Ana Francisca Pereira da Silva (triplamente qualificado) e a tentativa de feminic\u00eddio de Lucilene da Silva Sousa (duplamente qualificada).<\/p>\n\n\n\n<p>O r\u00e9u foi condenado a 22 anos, 09 meses e 11 dias de reclus\u00e3o. Jos\u00e9 Roberto cumprir\u00e1 a pena em regime fechado, no pres\u00eddio de Floriano.<\/p>\n\n\n\n<p>O Conselho de Senten\u00e7a acatou integralmente todas as teses apresentadas pelo Minist\u00e9rio P\u00fablico, de feminic\u00eddio e tentativa de feminic\u00eddio, por motivo f\u00fatil, uso de meio que impossibilitou ou dificultou a defesa das v\u00edtimas. O feminic\u00eddio \u00e9 uma qualificadora aplicada ao crime de homic\u00eddio, quando esse \u00e9 cometido contra a mulher por raz\u00f5es da condi\u00e7\u00e3o do g\u00eanero feminino, que \u00e9 caracterizado pelo menosprezo ou discrimina\u00e7\u00e3o \u00e0 condi\u00e7\u00e3o de mulher.<\/p>\n\n\n\n<p>O trabalho do Minist\u00e9rio P\u00fablico contou com o apoio do advogado Jo\u00e3o Cardoso, que atuou como assistente de acusa\u00e7\u00e3o.<\/p>\n\n\n\n<p><strong>Fonte: MP-PI<\/strong><\/p>\n","protected":false},"excerpt":{"rendered":"<p>O Minist\u00e9rio P\u00fablico do Estado do Piau\u00ed, por meio do Promotor de Justi\u00e7a de S\u00e3o Pedro do Piau\u00ed, Nielsen Silva Mendes Lima, atuou nessa segunda-feira (23\/05), em mais uma sess\u00e3o do Tribunal Popular do J\u00fari. O trabalho do \u00f3rg\u00e3o do Minist\u00e9rio P\u00fablico do Piau\u00ed, no julgamento de ontem, resultou na condena\u00e7\u00e3o de Jos\u00e9 Roberto Barbosa [&hellip;]<\/p>\n","protected":false},"author":1,"featured_media":34777,"comment_status":"open","ping_status":"open","sticky":false,"template":"","format":"standard","meta":{"beyondwords_generate_audio":"","beyondwords_project_id":"","beyondwords_podcast_id":"","beyondwords_hash":"","beyondwords_error_message":"","beyondwords_disabled":"","publish_post_to_speechkit":"","speechkit_generate_audio":"","speechkit_project_id":"","speechkit_podcast_id":"","speechkit_hash":"","speechkit_error_message":"","speechkit_disabled":"","speechkit_access_key":"","speechkit_error":"","speechkit_info":"","speechkit_response":"","speechkit_retries":"","_speechkit_link":"","_speechkit_text":""},"categories":[51],"tags":[522,82,7969,474,44,72,84,85,135,52,59],"jetpack_featured_media_url":"https:\/\/pinews.com.br\/wp-content\/uploads\/2022\/05\/Homem-e-preso-1024x610-1.jpg","_links":{"self":[{"href":"https:\/\/pinews.com.br\/index.php\/wp-json\/wp\/v2\/posts\/34776"}],"collection":[{"href":"https:\/\/pinews.com.br\/index.php\/wp-json\/wp\/v2\/posts"}],"about":[{"href":"https:\/\/pinews.com.br\/index.php\/wp-json\/wp\/v2\/types\/post"}],"author":[{"embeddable":true,"href":"https:\/\/pinews.com.br\/index.php\/wp-json\/wp\/v2\/users\/1"}],"replies":[{"embeddable":true,"href":"https:\/\/pinews.com.br\/index.php\/wp-json\/wp\/v2\/comments?post=34776"}],"version-history":[{"count":0,"href":"https:\/\/pinews.com.br\/index.php\/wp-json\/wp\/v2\/posts\/34776\/revisions"}],"wp:featuredmedia":[{"embeddable":true,"href":"https:\/\/pinews.com.br\/index.php\/wp-json\/wp\/v2\/media\/34777"}],"wp:attachment":[{"href":"https:\/\/pinews.com.br\/index.php\/wp-json\/wp\/v2\/media?parent=34776"}],"wp:term":[{"taxonomy":"category","embeddable":true,"href":"https:\/\/pinews.com.br\/index.php\/wp-json\/wp\/v2\/categories?post=34776"},{"taxonomy":"post_tag","embeddable":true,"href":"https:\/\/pinews.com.br\/index.php\/wp-json\/wp\/v2\/tags?post=34776"}],"curies":[{"name":"wp","href":"https:\/\/api.w.org\/{rel}","templated":true}]}}