{"id":34787,"date":"2022-05-25T20:46:37","date_gmt":"2022-05-25T23:46:37","guid":{"rendered":"https:\/\/pinews.com.br\/?p=34787"},"modified":"2022-05-25T20:46:37","modified_gmt":"2022-05-25T23:46:37","slug":"homem-e-preso-acusado-de-estuprar-e-engravidar-enteada-de-12-anos-no-piaui","status":"publish","type":"post","link":"https:\/\/pinews.com.br\/index.php\/2022\/05\/25\/homem-e-preso-acusado-de-estuprar-e-engravidar-enteada-de-12-anos-no-piaui\/","title":{"rendered":"Homem \u00e9 preso acusado de estuprar e engravidar enteada de 12 anos no Piau\u00ed"},"content":{"rendered":"\n<p>Um homem foi preso, na tarde desta quarta-feira (25), acusado de estuprar a pr\u00f3pria enteada de 12 anos, no Povoado Barra do Long\u00e1, Zona Rural de Buriti dos Lopes. O criminoso identificado com as iniciais J.E.F.C. foi conduzido para Central de Flagrantes de Parna\u00edba.<\/p>\n\n\n\n<p>Ap\u00f3s investiga\u00e7\u00e3o policial e atesta\u00e7\u00e3o do abuso sexual contra a menor, foi expedido mandato de pris\u00e3o contra o acusado.<\/p>\n\n\n\n<p>De acordo com a Pol\u00edcia Civil, atrav\u00e9s da delegacia do munic\u00edpio, a adolescente foi submetida ao exame de corpo de delito, onde foi constatado que a v\u00edtima est\u00e1 gr\u00e1vida do padrasto.<\/p>\n\n\n\n<p>Ainda com informa\u00e7\u00f5es da pol\u00edcia respons\u00e1vel pelo caso, o homem aproveitava os momentos sozinho com a menor, enquanto a m\u00e3e estava fora resolvendo pend\u00eancias pessoais na cidade, para cometer os abusos. O crime ocorria no Povoado Barroc\u00e3o, Zona Rural de Buriti dos Lopes.<\/p>\n\n\n\n<p><strong>Fonte: Meio Norte<\/strong><\/p>\n","protected":false},"excerpt":{"rendered":"<p>Um homem foi preso, na tarde desta quarta-feira (25), acusado de estuprar a pr\u00f3pria enteada de 12 anos, no Povoado Barra do Long\u00e1, Zona Rural de Buriti dos Lopes. O criminoso identificado com as iniciais J.E.F.C. foi conduzido para Central de Flagrantes de Parna\u00edba. Ap\u00f3s investiga\u00e7\u00e3o policial e atesta\u00e7\u00e3o do abuso sexual contra a menor, [&hellip;]<\/p>\n","protected":false},"author":1,"featured_media":34788,"comment_status":"open","ping_status":"open","sticky":false,"template":"","format":"standard","meta":{"beyondwords_generate_audio":"","beyondwords_project_id":"","beyondwords_podcast_id":"","beyondwords_hash":"","beyondwords_error_message":"","beyondwords_disabled":"","publish_post_to_speechkit":"","speechkit_generate_audio":"","speechkit_project_id":"","speechkit_podcast_id":"","speechkit_hash":"","speechkit_error_message":"","speechkit_disabled":"","speechkit_access_key":"","speechkit_error":"","speechkit_info":"","speechkit_response":"","speechkit_retries":"","_speechkit_link":"","_speechkit_text":""},"categories":[51,78],"tags":[191,1273,82,44,72,1484,387,348,84,52,79],"jetpack_featured_media_url":"https:\/\/pinews.com.br\/wp-content\/uploads\/2022\/05\/homem-e-preso-acusado-de-estuprar-e-engravidar-enteada-de-12-anos-1fd9b8b3-d1f4-4271-ac60-accea24e0f93.jpg","_links":{"self":[{"href":"https:\/\/pinews.com.br\/index.php\/wp-json\/wp\/v2\/posts\/34787"}],"collection":[{"href":"https:\/\/pinews.com.br\/index.php\/wp-json\/wp\/v2\/posts"}],"about":[{"href":"https:\/\/pinews.com.br\/index.php\/wp-json\/wp\/v2\/types\/post"}],"author":[{"embeddable":true,"href":"https:\/\/pinews.com.br\/index.php\/wp-json\/wp\/v2\/users\/1"}],"replies":[{"embeddable":true,"href":"https:\/\/pinews.com.br\/index.php\/wp-json\/wp\/v2\/comments?post=34787"}],"version-history":[{"count":0,"href":"https:\/\/pinews.com.br\/index.php\/wp-json\/wp\/v2\/posts\/34787\/revisions"}],"wp:featuredmedia":[{"embeddable":true,"href":"https:\/\/pinews.com.br\/index.php\/wp-json\/wp\/v2\/media\/34788"}],"wp:attachment":[{"href":"https:\/\/pinews.com.br\/index.php\/wp-json\/wp\/v2\/media?parent=34787"}],"wp:term":[{"taxonomy":"category","embeddable":true,"href":"https:\/\/pinews.com.br\/index.php\/wp-json\/wp\/v2\/categories?post=34787"},{"taxonomy":"post_tag","embeddable":true,"href":"https:\/\/pinews.com.br\/index.php\/wp-json\/wp\/v2\/tags?post=34787"}],"curies":[{"name":"wp","href":"https:\/\/api.w.org\/{rel}","templated":true}]}}