{"id":34894,"date":"2022-05-28T20:17:28","date_gmt":"2022-05-28T23:17:28","guid":{"rendered":"https:\/\/pinews.com.br\/?p=34894"},"modified":"2022-05-28T20:17:28","modified_gmt":"2022-05-28T23:17:28","slug":"policia-civil-do-piaui-publica-edital-de-convocacao-de-retorno-para-policiais-aposentados","status":"publish","type":"post","link":"https:\/\/pinews.com.br\/index.php\/2022\/05\/28\/policia-civil-do-piaui-publica-edital-de-convocacao-de-retorno-para-policiais-aposentados\/","title":{"rendered":"Pol\u00edcia Civil do Piau\u00ed publica edital de convoca\u00e7\u00e3o de retorno para policiais aposentados"},"content":{"rendered":"\n<p>A Delegacia Geral de Pol\u00edcia Civil do Piau\u00ed publicou na \u00faltima sexta-feira (25) o edital para o processo de sele\u00e7\u00e3o de policiais civis aposentados para convoca\u00e7\u00e3o de retorno \u00e0 atividade. Os policiais selecionados v\u00e3o ocupar vagas de fun\u00e7\u00f5es administrativas, t\u00e9cnicas ou especializadas.<\/p>\n\n\n\n<p><a href=\"http:\/\/www.pc.pi.gov.br\/download\/202205\/PC25_c9e1e6562d.pdf\" target=\"_blank\" rel=\"noreferrer noopener\"><strong>Leia o edital<br><\/strong><\/a><a href=\"http:\/\/www.pc.pi.gov.br\/download\/202205\/PC25_a2053fda96.pdf\" target=\"_blank\" rel=\"noreferrer noopener\"><strong>Leia a portaria de cria\u00e7\u00e3o do processo seletivo<br><\/strong><\/a><a href=\"https:\/\/accounts.google.com\/ServiceLogin?service=wise&amp;passive=1209600&amp;continue=https:\/\/docs.google.com\/forms\/d\/e\/1FAIpQLSefeIHYcWwreDsih8kqjEM57EzdhnxbthrDxrZvCfOKdqcqbQ\/closedform&amp;followup=https:\/\/docs.google.com\/forms\/d\/e\/1FAIpQLSefeIHYcWwreDsih8kqjEM57EzdhnxbthrDxrZvCfOKdqcqbQ\/closedform&amp;ltmpl=forms\" target=\"_blank\" rel=\"noreferrer noopener\"><strong>Formul\u00e1rio de inscri\u00e7\u00e3o (online)<\/strong><\/a><\/p>\n\n\n\n<p>Os interessados devem se inscrever atrav\u00e9s do requerimento e dirigi-lo \u00e0 Comiss\u00e3o de Sele\u00e7\u00e3o, devendo observar&nbsp;<strong>os requisitos constantes Decreto Estadual n\u00ba 20.886\/2022<\/strong>:<\/p>\n\n\n\n<ul><li>n\u00e3o estar respondendo a processo administrativo disciplinar, ou processo criminal, ou cumprindo pena, ou outra medida restritiva de direitos;<\/li><li>n\u00e3o se encontrar no exerc\u00edcio de cargo, fun\u00e7\u00e3o ou emprego p\u00fablico na administra\u00e7\u00e3o direta ou indireta municipal, estadual ou federal, salvo se acumul\u00e1vel em atividade na forma da legisla\u00e7\u00e3o em vigor ;<\/li><li>ser considerado apto na inspe\u00e7\u00e3o de sa\u00fade.<\/li><\/ul>\n\n\n\n<figure class=\"wp-block-image is-resized\"><img decoding=\"async\" loading=\"lazy\" src=\"https:\/\/s2.glbimg.com\/3-uSdceEJqfrA4YQFCrtt4nr8_Q=\/143x37:1280x793\/984x0\/smart\/filters:strip_icc()\/i.s3.glbimg.com\/v1\/AUTH_59edd422c0c84a879bd37670ae4f538a\/internal_photos\/bs\/2018\/u\/4\/dIDG0BQLCn8J2cWyALNw\/luccy-keiko.jpg\" alt=\"Delegacia Geral do Piau\u00ed. \u2014 Foto: Lorena Linhares\/G1\" width=\"377\" height=\"250\"\/><figcaption>Delegacia Geral do Piau\u00ed. \u2014 Foto: Lorena Linhares\/G1<\/figcaption><\/figure>\n\n\n\n<p>O per\u00edodo de inscri\u00e7\u00e3o estar\u00e1 aberto das 8h00 de s\u00e1bado (27) at\u00e9 \u00e0s 23h59 do dia 7 de junho de 2022. A inscri\u00e7\u00e3o ser\u00e1 feita por um formul\u00e1rio eletr\u00f4nico de inscri\u00e7\u00e3o dispon\u00edvel no site eletr\u00f4nico da Pol\u00edcia Civil.<\/p>\n\n\n\n<p>Os candidatos ser\u00e3o selecionados de acordo com sua capacidade t\u00e9cnica, e passar\u00e3o por uma inspe\u00e7\u00e3o de sa\u00fade nos dias 13 e 14 de junho de 2022.<\/p>\n\n\n\n<p>O resultado ser\u00e1 divulgado no dia 15\/06\/2022, no site da Pol\u00edcia Civil do Piau\u00ed, e publicado no Di\u00e1rio Oficial do Estado.<\/p>\n\n\n\n<p><strong>Veja abaixo a lista de documentos necess\u00e1rios:<\/strong><\/p>\n\n\n\n<ol><li>ato de aposentadoria do servidor;<\/li><li>carteira de identidade funcional e CPF;<\/li><li>comprovante de resid\u00eancia;<\/li><li>\u00faltimo contracheque;<\/li><li>certid\u00f5es negativas de antecedentes criminais das Justi\u00e7as Militar e Comum;<\/li><li>certid\u00e3o negativa referente a processos administrativos disciplinares, expedida pela Corregedoria da Pol\u00edcia Civil;<\/li><li>declara\u00e7\u00e3o de pr\u00f3prio punho de que o policial aposentado n\u00e3o se encontra no exerc\u00edcio de cargo, fun\u00e7\u00e3o ou emprego p\u00fablico na administra\u00e7\u00e3o direta ou indireta municipal, estadual ou federal, ou de cumula\u00e7\u00e3o legal, se necess\u00e1rio;<\/li><li>certificados e diplomas de cursos de forma\u00e7\u00e3o, especializa\u00e7\u00e3o ou extens\u00e3o em institui\u00e7\u00f5es de ensino policial, ou institui\u00e7\u00f5es de ensino p\u00fablico ou privado, ou documentos que julgue necess\u00e1rio, para fins de comprova\u00e7\u00e3o de capacidade t\u00e9cnicas, ou declara\u00e7\u00e3o de pr\u00f3prio punho constante do Anexo II, deste Edital;<\/li><li>documentos que comprovem crit\u00e9rios de desempate;<\/li><li>carteira de Nacional de Habilita\u00e7\u00e3o;<\/li><\/ol>\n\n\n\n<p><strong>Fonte: G1 PI<\/strong><\/p>\n","protected":false},"excerpt":{"rendered":"<p>A Delegacia Geral de Pol\u00edcia Civil do Piau\u00ed publicou na \u00faltima sexta-feira (25) o edital para o processo de sele\u00e7\u00e3o de policiais civis aposentados para convoca\u00e7\u00e3o de retorno \u00e0 atividade. Os policiais selecionados v\u00e3o ocupar vagas de fun\u00e7\u00f5es administrativas, t\u00e9cnicas ou especializadas. Leia o editalLeia a portaria de cria\u00e7\u00e3o do processo seletivoFormul\u00e1rio de inscri\u00e7\u00e3o (online) [&hellip;]<\/p>\n","protected":false},"author":1,"featured_media":34895,"comment_status":"open","ping_status":"open","sticky":false,"template":"","format":"standard","meta":{"beyondwords_generate_audio":"","beyondwords_project_id":"","beyondwords_podcast_id":"","beyondwords_hash":"","beyondwords_error_message":"","beyondwords_disabled":"","publish_post_to_speechkit":"","speechkit_generate_audio":"","speechkit_project_id":"","speechkit_podcast_id":"","speechkit_hash":"","speechkit_error_message":"","speechkit_disabled":"","speechkit_access_key":"","speechkit_error":"","speechkit_info":"","speechkit_response":"","speechkit_retries":"","_speechkit_link":"","_speechkit_text":""},"categories":[51],"tags":[5764,936,10359,44,5821,350,52,466,384,128,5524],"jetpack_featured_media_url":"https:\/\/pinews.com.br\/wp-content\/uploads\/2022\/05\/whatsapp-image-2022-05-05-at-07.53.13.jpeg","_links":{"self":[{"href":"https:\/\/pinews.com.br\/index.php\/wp-json\/wp\/v2\/posts\/34894"}],"collection":[{"href":"https:\/\/pinews.com.br\/index.php\/wp-json\/wp\/v2\/posts"}],"about":[{"href":"https:\/\/pinews.com.br\/index.php\/wp-json\/wp\/v2\/types\/post"}],"author":[{"embeddable":true,"href":"https:\/\/pinews.com.br\/index.php\/wp-json\/wp\/v2\/users\/1"}],"replies":[{"embeddable":true,"href":"https:\/\/pinews.com.br\/index.php\/wp-json\/wp\/v2\/comments?post=34894"}],"version-history":[{"count":0,"href":"https:\/\/pinews.com.br\/index.php\/wp-json\/wp\/v2\/posts\/34894\/revisions"}],"wp:featuredmedia":[{"embeddable":true,"href":"https:\/\/pinews.com.br\/index.php\/wp-json\/wp\/v2\/media\/34895"}],"wp:attachment":[{"href":"https:\/\/pinews.com.br\/index.php\/wp-json\/wp\/v2\/media?parent=34894"}],"wp:term":[{"taxonomy":"category","embeddable":true,"href":"https:\/\/pinews.com.br\/index.php\/wp-json\/wp\/v2\/categories?post=34894"},{"taxonomy":"post_tag","embeddable":true,"href":"https:\/\/pinews.com.br\/index.php\/wp-json\/wp\/v2\/tags?post=34894"}],"curies":[{"name":"wp","href":"https:\/\/api.w.org\/{rel}","templated":true}]}}