{"id":34929,"date":"2022-05-29T17:38:48","date_gmt":"2022-05-29T20:38:48","guid":{"rendered":"https:\/\/pinews.com.br\/?p=34929"},"modified":"2022-05-29T17:38:48","modified_gmt":"2022-05-29T20:38:48","slug":"jovem-e-morto-a-facadas-durante-vaquejada-no-piaui","status":"publish","type":"post","link":"https:\/\/pinews.com.br\/index.php\/2022\/05\/29\/jovem-e-morto-a-facadas-durante-vaquejada-no-piaui\/","title":{"rendered":"Jovem \u00e9 morto a facadas durante vaquejada no Piau\u00ed"},"content":{"rendered":"\n<p>Um jovem identificado como Gilvan, de 20 anos de idade, morreu ap\u00f3s ser esfaqueado durante uma vaquejada, na madrugada deste domingo (29), realizada no Parque V\u00f3 Tot\u00f3 na comunidade Brejo da On\u00e7a, zona rural de S\u00e3o Miguel do Tapuio.<\/p>\n\n\n\n<p>Segundo informa\u00e7\u00f5es de populares, o acusado de cometer o crime, que n\u00e3o teve seu nome revelado, conseguiu fugir do local logo ap\u00f3s desferir os golpes de faca contra a v\u00edtima. Ainda n\u00e3o se sabe qual a motiva\u00e7\u00e3o do crime.<\/p>\n\n\n\n<p>At\u00e9 o momento de publica\u00e7\u00e3o desta mat\u00e9ria, o corpo de Gilvan ainda se encontrava no local do homic\u00eddio, aguardando ser removido pelo Instituto de Medicina Legal (IML)&nbsp;que foi acionado e est\u00e1 em deslocamento para a zona rural do munic\u00edpio.<\/p>\n\n\n\n<p><strong>Fonte: Meio Norte<\/strong><\/p>\n","protected":false},"excerpt":{"rendered":"<p>Um jovem identificado como Gilvan, de 20 anos de idade, morreu ap\u00f3s ser esfaqueado durante uma vaquejada, na madrugada deste domingo (29), realizada no Parque V\u00f3 Tot\u00f3 na comunidade Brejo da On\u00e7a, zona rural de S\u00e3o Miguel do Tapuio. Segundo informa\u00e7\u00f5es de populares, o acusado de cometer o crime, que n\u00e3o teve seu nome revelado, [&hellip;]<\/p>\n","protected":false},"author":1,"featured_media":34930,"comment_status":"open","ping_status":"open","sticky":false,"template":"","format":"standard","meta":{"beyondwords_generate_audio":"","beyondwords_project_id":"","beyondwords_podcast_id":"","beyondwords_hash":"","beyondwords_error_message":"","beyondwords_disabled":"","publish_post_to_speechkit":"","speechkit_generate_audio":"","speechkit_project_id":"","speechkit_podcast_id":"","speechkit_hash":"","speechkit_error_message":"","speechkit_disabled":"","speechkit_access_key":"","speechkit_error":"","speechkit_info":"","speechkit_response":"","speechkit_retries":"","_speechkit_link":"","_speechkit_text":""},"categories":[51,78],"tags":[45,72,479,266,197,52,5952],"jetpack_featured_media_url":"https:\/\/pinews.com.br\/wp-content\/uploads\/2022\/05\/jovem-e-morto-a-facadas-durante-vaquejada-em-sao-miguel-do-tapuio-9e9d4b88-5618-411a-a315-5a1055e08f23.webp","_links":{"self":[{"href":"https:\/\/pinews.com.br\/index.php\/wp-json\/wp\/v2\/posts\/34929"}],"collection":[{"href":"https:\/\/pinews.com.br\/index.php\/wp-json\/wp\/v2\/posts"}],"about":[{"href":"https:\/\/pinews.com.br\/index.php\/wp-json\/wp\/v2\/types\/post"}],"author":[{"embeddable":true,"href":"https:\/\/pinews.com.br\/index.php\/wp-json\/wp\/v2\/users\/1"}],"replies":[{"embeddable":true,"href":"https:\/\/pinews.com.br\/index.php\/wp-json\/wp\/v2\/comments?post=34929"}],"version-history":[{"count":0,"href":"https:\/\/pinews.com.br\/index.php\/wp-json\/wp\/v2\/posts\/34929\/revisions"}],"wp:featuredmedia":[{"embeddable":true,"href":"https:\/\/pinews.com.br\/index.php\/wp-json\/wp\/v2\/media\/34930"}],"wp:attachment":[{"href":"https:\/\/pinews.com.br\/index.php\/wp-json\/wp\/v2\/media?parent=34929"}],"wp:term":[{"taxonomy":"category","embeddable":true,"href":"https:\/\/pinews.com.br\/index.php\/wp-json\/wp\/v2\/categories?post=34929"},{"taxonomy":"post_tag","embeddable":true,"href":"https:\/\/pinews.com.br\/index.php\/wp-json\/wp\/v2\/tags?post=34929"}],"curies":[{"name":"wp","href":"https:\/\/api.w.org\/{rel}","templated":true}]}}