{"id":34998,"date":"2022-05-31T20:59:31","date_gmt":"2022-05-31T23:59:31","guid":{"rendered":"https:\/\/pinews.com.br\/?p=34998"},"modified":"2022-05-31T20:59:31","modified_gmt":"2022-05-31T23:59:31","slug":"acusado-de-matar-jovem-e-ferir-amiga-por-negarem-ficada-e-condenado-a-22-anos-de-prisao-no-piaui","status":"publish","type":"post","link":"https:\/\/pinews.com.br\/index.php\/2022\/05\/31\/acusado-de-matar-jovem-e-ferir-amiga-por-negarem-ficada-e-condenado-a-22-anos-de-prisao-no-piaui\/","title":{"rendered":"Acusado de matar jovem e ferir amiga por negarem &#8216;ficada&#8217; \u00e9 condenado a 22 anos de pris\u00e3o no Piau\u00ed"},"content":{"rendered":"\n<p>A Justi\u00e7a condenou Jos\u00e9 Roberto Barbosa Soares a 22 anos, nove meses e 11 dias de pris\u00e3o em regime fechado, em Floriano, pelo feminic\u00eddio triplamente qualificado de Ana Francisca Pereira da Silva e pela tentativa de feminic\u00eddio duplamente qualificada contra Lucilene da Silva Sousa. A decis\u00e3o saiu nesta ter\u00e7a-feira (31).<\/p>\n\n\n\n<p>O crime ocorreu no dia 15 de maio de 2021, em S\u00e3o Pedro do Piau\u00ed, a 106 km de Teresina. De acordo com o inqu\u00e9rito policial, Ana Francisca, de 17 anos, e a amiga Lucilene foram atacadas por Jos\u00e9 Roberto ap\u00f3s as v\u00edtimas se negarem a ficar com ele.<\/p>\n\n\n\n<p>As garotas n\u00e3o aceitaram e foram atingidas por golpes de faca. Lucilene conseguiu fugir e foi atendida no hospital do munic\u00edpio. J\u00e1 Ana Francisca morreu no local.<\/p>\n\n\n\n<p>Na \u00e9poca, Jos\u00e9 Roberto foi encontrado escondido em uma resid\u00eancia no bairro Nova Vida, em S\u00e3o Gon\u00e7alo do Piau\u00ed. Ele estava com a faca usada no crime.<\/p>\n\n\n\n<p><strong>Fonte: G1 PI<\/strong><\/p>\n","protected":false},"excerpt":{"rendered":"<p>A Justi\u00e7a condenou Jos\u00e9 Roberto Barbosa Soares a 22 anos, nove meses e 11 dias de pris\u00e3o em regime fechado, em Floriano, pelo feminic\u00eddio triplamente qualificado de Ana Francisca Pereira da Silva e pela tentativa de feminic\u00eddio duplamente qualificada contra Lucilene da Silva Sousa. A decis\u00e3o saiu nesta ter\u00e7a-feira (31). O crime ocorreu no dia [&hellip;]<\/p>\n","protected":false},"author":1,"featured_media":34999,"comment_status":"open","ping_status":"open","sticky":false,"template":"","format":"standard","meta":{"beyondwords_generate_audio":"","beyondwords_project_id":"","beyondwords_podcast_id":"","beyondwords_hash":"","beyondwords_error_message":"","beyondwords_disabled":"","publish_post_to_speechkit":"","speechkit_generate_audio":"","speechkit_project_id":"","speechkit_podcast_id":"","speechkit_hash":"","speechkit_error_message":"","speechkit_disabled":"","speechkit_access_key":"","speechkit_error":"","speechkit_info":"","speechkit_response":"","speechkit_retries":"","_speechkit_link":"","_speechkit_text":""},"categories":[51,78],"tags":[522,1273,1762,82,474,44,72,6414,10375,266,85,10376,52,59,670],"jetpack_featured_media_url":"https:\/\/pinews.com.br\/wp-content\/uploads\/2022\/05\/sedetj-1.jpeg","_links":{"self":[{"href":"https:\/\/pinews.com.br\/index.php\/wp-json\/wp\/v2\/posts\/34998"}],"collection":[{"href":"https:\/\/pinews.com.br\/index.php\/wp-json\/wp\/v2\/posts"}],"about":[{"href":"https:\/\/pinews.com.br\/index.php\/wp-json\/wp\/v2\/types\/post"}],"author":[{"embeddable":true,"href":"https:\/\/pinews.com.br\/index.php\/wp-json\/wp\/v2\/users\/1"}],"replies":[{"embeddable":true,"href":"https:\/\/pinews.com.br\/index.php\/wp-json\/wp\/v2\/comments?post=34998"}],"version-history":[{"count":0,"href":"https:\/\/pinews.com.br\/index.php\/wp-json\/wp\/v2\/posts\/34998\/revisions"}],"wp:featuredmedia":[{"embeddable":true,"href":"https:\/\/pinews.com.br\/index.php\/wp-json\/wp\/v2\/media\/34999"}],"wp:attachment":[{"href":"https:\/\/pinews.com.br\/index.php\/wp-json\/wp\/v2\/media?parent=34998"}],"wp:term":[{"taxonomy":"category","embeddable":true,"href":"https:\/\/pinews.com.br\/index.php\/wp-json\/wp\/v2\/categories?post=34998"},{"taxonomy":"post_tag","embeddable":true,"href":"https:\/\/pinews.com.br\/index.php\/wp-json\/wp\/v2\/tags?post=34998"}],"curies":[{"name":"wp","href":"https:\/\/api.w.org\/{rel}","templated":true}]}}