{"id":3501,"date":"2020-01-11T12:39:24","date_gmt":"2020-01-11T15:39:24","guid":{"rendered":"https:\/\/pinews.com.br\/?p=3501"},"modified":"2020-01-11T12:39:24","modified_gmt":"2020-01-11T15:39:24","slug":"homem-invade-o-hospital-de-floriano-e-mata-paciente-com-tiro-na-cabeca","status":"publish","type":"post","link":"https:\/\/pinews.com.br\/index.php\/2020\/01\/11\/homem-invade-o-hospital-de-floriano-e-mata-paciente-com-tiro-na-cabeca\/","title":{"rendered":"Homem invade o hospital de Floriano e mata paciente com tiro na cabe\u00e7a"},"content":{"rendered":"\n<p>Foto: Reprodu\u00e7\u00e3o <\/p>\n\n\n\n<p style=\"text-align:justify\">Um homem identificado como Raul Marques de Santana, 31 anos, foi assassinado dentro do Hospital Regional Tib\u00e9rio Nunes, em Floriano, na madrugada desse s\u00e1bado (11). Ele estava internado em uma das enfermarias da unidade de sa\u00fade quando um atirador invadiu o local e efetuou um tiro na cabe\u00e7a dele.<\/p>\n\n\n\n<p style=\"text-align:justify\">O delegado Danilo Barroso, da Delegacia da Pol\u00edcia Civil de Floriano, informou ao<em><strong>&nbsp;Cidadeverde.com<\/strong><\/em>&nbsp;que Raul estava internado no hospital desde a \u00faltima quarta-feira (8) ap\u00f3s sofrer uma tentativa de homic\u00eddio na cidade de Avelino Lopes.&nbsp;<\/p>\n\n\n\n<p style=\"text-align:justify\">A pol\u00edcia vai apurar a informa\u00e7\u00e3o de que a v\u00edtima tem liga\u00e7\u00e3o com a fac\u00e7\u00e3o Primeiro Comando da Capital (PCC).&nbsp; O delegado Danilo afirma que ainda n\u00e3o tem uma linha de investiga\u00e7\u00e3o sobre a motiva\u00e7\u00e3o do assassinato. A tese mais forte \u00e9 de execu\u00e7\u00e3o relacionada ao hist\u00f3rico criminal de Raul.<\/p>\n\n\n\n<p style=\"text-align:justify\">&#8220;Ele [Raul] tem passagem por tr\u00e1fico de drogas e latroc\u00ednio. Mas ainda vamos investigar a motiva\u00e7\u00e3o&#8221;, disse o delegado.<\/p>\n\n\n\n<p style=\"text-align:justify\">O autor do disparo entrou no hospital 4 h da madrugada ap\u00f3s supostamente burlar a seguran\u00e7a da unidade de sa\u00fade. As informa\u00e7\u00f5es s\u00e3o de que todos os pacientes da enfermaria dormiam no momento que o tiro foi efetuado, inclusive a v\u00edtima. Todos ficaram assustados com o crime.<\/p>\n\n\n\n<p style=\"text-align:justify\">Ap\u00f3s o crime, o atirador fugiu e ainda n\u00e3o h\u00e1 informa\u00e7\u00f5es sobre sua identidade. Funcion\u00e1rios do hospital e ocupantes da enfermaria devem prestar depoimento \u00e0 Pol\u00edcia Civil. Imagens de c\u00e2meras de seguran\u00e7a do lado externo do hospital devem auxiliar as investiga\u00e7\u00f5es.<\/p>\n\n\n\n<p style=\"text-align:justify\">Em nota enviada ao&nbsp;<em><strong>Cidadeverde.com<\/strong><\/em>, o Hospital Regional Tib\u00e9rio Nunes afirma que a invas\u00e3o n\u00e3o se deu por nenhuma das portas de acesso da unidade de sa\u00fade e garante que vai contribuir para que o caso seja esclarecido.&nbsp;<\/p>\n\n\n\n<p><strong>Veja nota na \u00edntegra<\/strong><\/p>\n\n\n\n<hr class=\"wp-block-separator\"\/>\n\n\n\n<p style=\"text-align:justify\"><em>Viemos atrav\u00e9s desta nota, informar que o paciente: <br>Raul Marques de Santana, 31 anos, deu entrada nesta rede hospitalar, oriundo da cidade  de Avelino Lopes. Raul, foi v\u00edtima de disparo de arma de fogo, sendo admitido pela equipe m\u00e9dica, onde   realizou dia(8), uma laparotomia exploradora devido perfura\u00e7\u00f5es em abd\u00f4men. Seguia no segundo dia de p\u00f3s-operatorio em enfermaria quando na madrugada do dia (11), um elemento n\u00e3o identificado  invadiu \u00e0 ala &#8220;A&#8221; e disparou um tiro na cabe\u00e7a com morte imediata. Se evadindo do local do crime de forma planejada pelos fundos, fora do alcance da seguran\u00e7a do Hospital. Reafirmamos que a invas\u00e3o n\u00e3o se deu por nenhuma das portas de acesso. Diante deste lament\u00e1vel epis\u00f3dio, o Hospital Regional Tib\u00e9rio Nunes, se coloca \u00e0 disposi\u00e7\u00e3o para ajudar nas investiga\u00e7\u00f5es e reafirma que est\u00e1 buscando deixar todo o hospital monitorado com c\u00e2meras 24h, al\u00e9m de organizar o fluxo de entrada e sa\u00edda com pulseiras e lista nominal. Medidas que tamb\u00e9m foram adotadas em forma de prote\u00e7\u00e3o \u00e0 vida dos nossos profissionais. Por fim, reafirmamos que n\u00e3o  mediremos esfor\u00e7os para que tudo seja esclarecido da melhor forma. <\/em><\/p>\n\n\n\n<p><strong>Fonte: Cidade Verde<\/strong><\/p>\n","protected":false},"excerpt":{"rendered":"<p>Foto: Reprodu\u00e7\u00e3o Um homem identificado como Raul Marques de Santana, 31 anos, foi assassinado dentro do Hospital Regional Tib\u00e9rio Nunes, em Floriano, na madrugada desse s\u00e1bado (11). Ele estava internado em uma das enfermarias da unidade de sa\u00fade quando um atirador invadiu o local e efetuou um tiro na cabe\u00e7a dele. O delegado Danilo Barroso, [&hellip;]<\/p>\n","protected":false},"author":1,"featured_media":3502,"comment_status":"open","ping_status":"open","sticky":false,"template":"","format":"standard","meta":{"beyondwords_generate_audio":"","beyondwords_project_id":"","beyondwords_podcast_id":"","beyondwords_hash":"","beyondwords_error_message":"","beyondwords_disabled":"","publish_post_to_speechkit":"","speechkit_generate_audio":"","speechkit_project_id":"","speechkit_podcast_id":"","speechkit_hash":"","speechkit_error_message":"","speechkit_disabled":"","speechkit_access_key":"","speechkit_error":"","speechkit_info":"","speechkit_response":"","speechkit_retries":"","_speechkit_link":"","_speechkit_text":""},"categories":[51],"tags":[666,84,339,154,1414],"jetpack_featured_media_url":"","_links":{"self":[{"href":"https:\/\/pinews.com.br\/index.php\/wp-json\/wp\/v2\/posts\/3501"}],"collection":[{"href":"https:\/\/pinews.com.br\/index.php\/wp-json\/wp\/v2\/posts"}],"about":[{"href":"https:\/\/pinews.com.br\/index.php\/wp-json\/wp\/v2\/types\/post"}],"author":[{"embeddable":true,"href":"https:\/\/pinews.com.br\/index.php\/wp-json\/wp\/v2\/users\/1"}],"replies":[{"embeddable":true,"href":"https:\/\/pinews.com.br\/index.php\/wp-json\/wp\/v2\/comments?post=3501"}],"version-history":[{"count":0,"href":"https:\/\/pinews.com.br\/index.php\/wp-json\/wp\/v2\/posts\/3501\/revisions"}],"wp:featuredmedia":[{"embeddable":true,"href":"https:\/\/pinews.com.br\/index.php\/wp-json\/"}],"wp:attachment":[{"href":"https:\/\/pinews.com.br\/index.php\/wp-json\/wp\/v2\/media?parent=3501"}],"wp:term":[{"taxonomy":"category","embeddable":true,"href":"https:\/\/pinews.com.br\/index.php\/wp-json\/wp\/v2\/categories?post=3501"},{"taxonomy":"post_tag","embeddable":true,"href":"https:\/\/pinews.com.br\/index.php\/wp-json\/wp\/v2\/tags?post=3501"}],"curies":[{"name":"wp","href":"https:\/\/api.w.org\/{rel}","templated":true}]}}