{"id":35073,"date":"2022-06-03T11:12:29","date_gmt":"2022-06-03T14:12:29","guid":{"rendered":"https:\/\/pinews.com.br\/?p=35073"},"modified":"2022-06-03T11:12:29","modified_gmt":"2022-06-03T14:12:29","slug":"coe-estadual-vai-avaliar-possibilidade-de-retorno-de-uso-de-mascara-no-piaui","status":"publish","type":"post","link":"https:\/\/pinews.com.br\/index.php\/2022\/06\/03\/coe-estadual-vai-avaliar-possibilidade-de-retorno-de-uso-de-mascara-no-piaui\/","title":{"rendered":"COE estadual vai avaliar possibilidade de retorno de uso de m\u00e1scara no Piau\u00ed"},"content":{"rendered":"\n<p>A governadora Regina Sousa (PT) afirmou nesta sexta-feira (03) que o Comit\u00ea de Opera\u00e7\u00f5es Emergenciais (COE), da Secretaria de Sa\u00fade do Piau\u00ed (Sesapi), vai se reunir na pr\u00f3xima semana para avaliar a necessidade do retorno do uso de m\u00e1scara em locais fechados. Estados como S\u00e3o Paulo e Rio de Janeiro voltaram a aplicar a medida ap\u00f3s aumento no n\u00famero de casos da Covid-19.&nbsp;<\/p>\n\n\n\n<p>A medida tamb\u00e9m est\u00e1 sendo avaliada em Teresina. Nesta sexta-feira, o COE municipal se re\u00fane para tratar sobre a volta da recomenda\u00e7\u00e3o do uso do item de prote\u00e7\u00e3o, ap\u00f3s o aumento do n\u00famero de casos de covid. <\/p>\n\n\n\n<p>Regina Sousa adiantou que, caso seja concretizada, a medida n\u00e3o dever\u00e1 retornar em forma de decreto, ou seja, com o uso obrigat\u00f3rio da m\u00e1scara, mas sim, por meio de uma recomenda\u00e7\u00e3o.<\/p>\n\n\n\n<p>A governadora avaliou o cen\u00e1rio da pandemia positivamente em rela\u00e7\u00e3o ao que tem sido visto em outros estados, mas ressaltou a necessidade de preven\u00e7\u00e3o.&nbsp;<\/p>\n\n\n\n<p>\u201cNesse momento os n\u00fameros do Piau\u00ed n\u00e3o s\u00e3o t\u00e3o ruins como em outros estados, o neg\u00f3cio \u00e9 se prevenir. Sugeri e o COE vai se reunir, decidiram que v\u00e3o fazer uma reuni\u00e3o, porque as pessoas est\u00e3o perguntando. Mas, acho que n\u00e3o ser\u00e1 uma quest\u00e3o de decreto, de obriga\u00e7\u00e3o, mas uma recomenda\u00e7\u00e3o\u201d, destacou.&nbsp;<\/p>\n\n\n\n<p>Regina Sousa tamb\u00e9m deixou um recado para a popula\u00e7\u00e3o piauiense, dizendo que \u00e9 preciso estar atento aos medidas sanit\u00e1rias de preven\u00e7\u00e3o \u00e0 Covid-19. Para a governadora, apesar de apresentar \u00edndices relativamente que deixa o estado em uma posi\u00e7\u00e3o confort\u00e1vel, a pandemia pode voltar a apresentar uma crescente mais uma vez.&nbsp;<\/p>\n\n\n\n<p>\u201cAs pessoas sabem o que est\u00e1 acontecendo, se est\u00e1 crescendo em outros estados e pode acontecer aqui tamb\u00e9m. \u00c9 melhor prevenir, eu particularmente nunca abandonei a m\u00e1scara por saber da import\u00e2ncia, n\u00e3o s\u00f3 para a COVID, ent\u00e3o, \u00e9 mais recomenda\u00e7\u00e3o para a popula\u00e7\u00e3o que estiver em espa\u00e7o com muita gente, use m\u00e1scara que vai estar ajudando a saude p\u00fablica\u201d, disse.&nbsp;<\/p>\n\n\n\n<p>As declara\u00e7\u00f5es da governadora foram dadas durante a solenidade de lan\u00e7amento do Livro \u201cVida e Miss\u00e3o\u201d, com a biografia do bispo Dom Augusto Alves da Rocha, que ocorreu na Funda\u00e7\u00e3o Cultural Cristo Rei, Museu Dom Avelar Brand\u00e3o Vilela.&nbsp;<\/p>\n\n\n\n<p><br><strong>Fonte: Flash Paula Sampaio\/ Cidade Verde<\/strong><\/p>\n","protected":false},"excerpt":{"rendered":"<p>A governadora Regina Sousa (PT) afirmou nesta sexta-feira (03) que o Comit\u00ea de Opera\u00e7\u00f5es Emergenciais (COE), da Secretaria de Sa\u00fade do Piau\u00ed (Sesapi), vai se reunir na pr\u00f3xima semana para avaliar a necessidade do retorno do uso de m\u00e1scara em locais fechados. Estados como S\u00e3o Paulo e Rio de Janeiro voltaram a aplicar a medida [&hellip;]<\/p>\n","protected":false},"author":1,"featured_media":35074,"comment_status":"open","ping_status":"open","sticky":false,"template":"","format":"standard","meta":{"beyondwords_generate_audio":"","beyondwords_project_id":"","beyondwords_podcast_id":"","beyondwords_hash":"","beyondwords_error_message":"","beyondwords_disabled":"","publish_post_to_speechkit":"","speechkit_generate_audio":"","speechkit_project_id":"","speechkit_podcast_id":"","speechkit_hash":"","speechkit_error_message":"","speechkit_disabled":"","speechkit_access_key":"","speechkit_error":"","speechkit_info":"","speechkit_response":"","speechkit_retries":"","_speechkit_link":"","_speechkit_text":""},"categories":[134,51],"tags":[10387,5069,44,7819,1740,52,9229,5524,5668,1089],"jetpack_featured_media_url":"https:\/\/pinews.com.br\/wp-content\/uploads\/2022\/06\/c92161d8d0c3671fe724479caad5c09f.jpg","_links":{"self":[{"href":"https:\/\/pinews.com.br\/index.php\/wp-json\/wp\/v2\/posts\/35073"}],"collection":[{"href":"https:\/\/pinews.com.br\/index.php\/wp-json\/wp\/v2\/posts"}],"about":[{"href":"https:\/\/pinews.com.br\/index.php\/wp-json\/wp\/v2\/types\/post"}],"author":[{"embeddable":true,"href":"https:\/\/pinews.com.br\/index.php\/wp-json\/wp\/v2\/users\/1"}],"replies":[{"embeddable":true,"href":"https:\/\/pinews.com.br\/index.php\/wp-json\/wp\/v2\/comments?post=35073"}],"version-history":[{"count":0,"href":"https:\/\/pinews.com.br\/index.php\/wp-json\/wp\/v2\/posts\/35073\/revisions"}],"wp:featuredmedia":[{"embeddable":true,"href":"https:\/\/pinews.com.br\/index.php\/wp-json\/wp\/v2\/media\/35074"}],"wp:attachment":[{"href":"https:\/\/pinews.com.br\/index.php\/wp-json\/wp\/v2\/media?parent=35073"}],"wp:term":[{"taxonomy":"category","embeddable":true,"href":"https:\/\/pinews.com.br\/index.php\/wp-json\/wp\/v2\/categories?post=35073"},{"taxonomy":"post_tag","embeddable":true,"href":"https:\/\/pinews.com.br\/index.php\/wp-json\/wp\/v2\/tags?post=35073"}],"curies":[{"name":"wp","href":"https:\/\/api.w.org\/{rel}","templated":true}]}}