{"id":35097,"date":"2022-06-03T17:41:48","date_gmt":"2022-06-03T20:41:48","guid":{"rendered":"https:\/\/pinews.com.br\/?p=35097"},"modified":"2022-06-03T17:41:48","modified_gmt":"2022-06-03T20:41:48","slug":"escola-municipal-no-piaui-suspende-aulas-apos-alunos-encontrarem-larvas-na-merenda","status":"publish","type":"post","link":"https:\/\/pinews.com.br\/index.php\/2022\/06\/03\/escola-municipal-no-piaui-suspende-aulas-apos-alunos-encontrarem-larvas-na-merenda\/","title":{"rendered":"Escola municipal no Piau\u00ed suspende aulas ap\u00f3s alunos encontrarem larvas na merenda"},"content":{"rendered":"\n<p>A Escola Municipal Professora Ana Vit\u00f3ria de Carvalho Santos, localizada no bairro Pedra Mi\u00fada, zona Sul de Teresina, suspendeu as aulas, nesta sexta-feira (3), ap\u00f3s estudantes terem encontrado larvas na merenda escolar fornecida pela institui\u00e7\u00e3o.<\/p>\n\n\n\n<p>Segundo a m\u00e3e de uma aluna, a dona de casa Diana Jer\u00f4nimo, a refei\u00e7\u00e3o com larvas, composta por arroz e carne mo\u00edda, foi servida \u00e0s 12h, durante o almo\u00e7o, dessa quinta-feira (2), para aproximadamente 200 alunos do 6\u00ba ao 9\u00ba ano do Ensino Fundamental.<\/p>\n\n\n\n<p>O&nbsp;<strong>g1&nbsp;<\/strong>foi \u00e0 escola e conversou a diretora da unidade escolar, Aldenir Alves de Lima. Ela informou que as larvas foram encontradas em pacotes de arroz, entregues \u00e0 escola no m\u00eas de fevereiro. O alimento estava dentro do prazo de validade, mas apresentou as larvas. A comida chegou a ser servida pra cerca de 10 alunos, mas nem todos chegaram a comer.<\/p>\n\n\n\n<figure class=\"wp-block-image is-resized\"><img decoding=\"async\" loading=\"lazy\" src=\"https:\/\/s2.glbimg.com\/KcQ_5x_rHqrJS8-Or1qZMafmK0g=\/0x0:1600x1200\/984x0\/smart\/filters:strip_icc()\/i.s3.glbimg.com\/v1\/AUTH_59edd422c0c84a879bd37670ae4f538a\/internal_photos\/bs\/2022\/B\/G\/ArD77kTPe1UiG5SEgReg\/whatsapp-image-2022-06-03-at-11.56.32.jpeg\" alt=\"Escola Municipal de Teresina \u2014 Foto: Ilanna Serena\/g1\" width=\"376\" height=\"281\"\/><figcaption>Escola Municipal de Teresina \u2014 Foto: Ilanna Serena\/g1<\/figcaption><\/figure>\n\n\n\n<p>Ao&nbsp;<a href=\"https:\/\/g1.globo.com\/pi\/piaui\/\">g1<\/a>, a Secretaria Municipal de Educa\u00e7\u00e3o (Semec) informou que uma representante do \u00f3rg\u00e3o foi enviada \u00e0 institui\u00e7\u00e3o para averiguar o caso.<\/p>\n\n\n\n<p>A situa\u00e7\u00e3o foi relatada pelos pr\u00f3prios estudantes, registrada em imagens e enviadas aos pais. Segundo a m\u00e3e de uma das alunas, alguns estudantes chegaram a passar mal.<\/p>\n\n\n\n<figure class=\"wp-block-image\"><img decoding=\"async\" src=\"https:\/\/s2.glbimg.com\/TR6_s-eoOtFEJPKS7CXCGxSRLX8=\/0x0:1200x1600\/984x0\/smart\/filters:strip_icc()\/i.s3.glbimg.com\/v1\/AUTH_59edd422c0c84a879bd37670ae4f538a\/internal_photos\/bs\/2022\/a\/c\/bAPkp8T4SrGGTm9akGbA\/whatsapp-image-2022-06-03-at-09.55.49.jpeg\" alt=\"Escola na Zona Sul de Teresina suspende aulas ap\u00f3s alunos encontrarem larvas em merenda \u2014 Foto: Arquivo Pessoal\"\/><figcaption>Escola na Zona Sul de Teresina suspende aulas ap\u00f3s alunos encontrarem larvas em merenda \u2014 Foto: Arquivo Pessoal<\/figcaption><\/figure>\n\n\n\n<blockquote class=\"wp-block-quote\"><p>\u201cAs crian\u00e7as tiraram as fotos e mandaram para os pais. Todos os pais est\u00e3o revoltados com essa situa\u00e7\u00e3o. Tiveram crian\u00e7as que vomitaram, e n\u00e3o \u00e9 a primeira vez que ocorrem relatos dessa comida de m\u00e1 qualidade. Eu mesma j\u00e1 fui buscar minha filha duas ou tr\u00eas vezes porque ela passou mal na escola, porque a comida n\u00e3o descia, n\u00e3o tem sal, n\u00e3o tem tempero\u201d, relembrou a m\u00e3e.<\/p><\/blockquote>\n\n\n\n<p>A escola negou que algum aluno tenha passado mal.<\/p>\n\n\n\n<p>&#8220;Imediatamente, quando uma das alunas notou a larva, suspenderam a refei\u00e7\u00e3o, mandaram o restante dos alunos pra sala de aula. N\u00e3o houve nenhum relato de mal estar, ningu\u00e9m vomitou&#8221;, de acordo com a dire\u00e7\u00e3o da escola.<\/p>\n\n\n\n<figure class=\"wp-block-image is-resized\"><img decoding=\"async\" loading=\"lazy\" src=\"https:\/\/s2.glbimg.com\/kW1b8_ipFdRynq4xLU3d3O9uIyI=\/0x0:1600x1200\/984x0\/smart\/filters:strip_icc()\/i.s3.glbimg.com\/v1\/AUTH_59edd422c0c84a879bd37670ae4f538a\/internal_photos\/bs\/2022\/y\/h\/DV22sHTimmi537WC09MA\/whatsapp-image-2022-06-03-at-12.01.34.jpeg\" alt=\"Refeit\u00f3rio da escola municipal de Teresina \u2014 Foto: Ilanna Serena\/g1\" width=\"543\" height=\"406\"\/><figcaption>Refeit\u00f3rio da escola municipal de Teresina \u2014 Foto: Ilanna Serena\/g1<\/figcaption><\/figure>\n\n\n\n<p>\u201cAgora esse foi o \u00e1pice, de ter bicho na comida das crian\u00e7as. N\u00e3o entendo como uma escola que n\u00e3o tem um ano de funcionamento tem uma merenda de p\u00e9ssima qualidade desse jeito\u201d, reclamou a m\u00e3e de uma aluna do 8\u00ba ano.<\/p>\n\n\n\n<figure class=\"wp-block-image is-resized\"><img decoding=\"async\" loading=\"lazy\" src=\"https:\/\/s2.glbimg.com\/qO3WSlOCBkPpkDbJ-0PbVALm-Nk=\/0x0:527x777\/984x0\/smart\/filters:strip_icc()\/i.s3.glbimg.com\/v1\/AUTH_59edd422c0c84a879bd37670ae4f538a\/internal_photos\/bs\/2022\/R\/3\/zCVcdnQy2X4kIMmZ0bkQ\/8.png\" alt=\"Escola na Zona Sul de Teresina suspende aulas ap\u00f3s alunos encontrarem larvas em merenda \u2014 Foto: Reprodu\u00e7\u00e3o\/Redes sociais\" width=\"377\" height=\"555\"\/><figcaption>Escola na Zona Sul de Teresina suspende aulas ap\u00f3s alunos encontrarem larvas em merenda \u2014 Foto: Reprodu\u00e7\u00e3o\/Redes sociais<\/figcaption><\/figure>\n\n\n\n<h2>Suspens\u00e3o das aulas<\/h2>\n\n\n\n<p>Ap\u00f3s o ocorrido, a dire\u00e7\u00e3o da Escola Municipal Professora Ana Vit\u00f3ria de Carvalho Santos comunicou, na tarde de quinta (2), aos pais e respons\u00e1veis pelos estudantes, a&nbsp;suspens\u00e3o das aulas desta sexta (3), para realiza\u00e7\u00e3o de uma avalia\u00e7\u00e3o interna e vistoria sanit\u00e1ria.<\/p>\n\n\n\n<blockquote class=\"wp-block-quote\"><p>\u201cInformamos que sexta-feira n\u00e3o haver\u00e1 aula, pois haver\u00e1 uma reuni\u00e3o interna com a equipe da escola para uma vistoria sanit\u00e1ria juntamente com a equipe de merenda escolar. Na ocasi\u00e3o ser\u00e1 realizada uma avalia\u00e7\u00e3o de toda a merenda escolar para averigua\u00e7\u00f5es e provid\u00eancias necess\u00e1rias para uma alimenta\u00e7\u00e3o escolar de qualidade e adequada aos estudantes em tempo integral. De antem\u00e3o, pe\u00e7o desculpas pelo ocorrido\u201d, diz trecho do comunicado.<\/p><\/blockquote>\n\n\n\n<figure class=\"wp-block-image is-resized\"><img decoding=\"async\" loading=\"lazy\" src=\"https:\/\/s2.glbimg.com\/p7bJcwvU6VQQ9E_a9Jj8sPGj-AY=\/0x0:1280x852\/984x0\/smart\/filters:strip_icc()\/i.s3.glbimg.com\/v1\/AUTH_59edd422c0c84a879bd37670ae4f538a\/internal_photos\/bs\/2022\/T\/N\/msMz1ARiATqepgfIzuUg\/whatsapp-image-2022-06-03-at-11.07.16.jpeg\" alt=\"Escola municipal de tempo integral na zona Sul de Teresina foi inaugurada em agosto de 2021 \u2014 Foto: Divulga\u00e7\u00e3o\/Prefeitura de Teresina\" width=\"377\" height=\"250\"\/><figcaption>Escola municipal de tempo integral na zona Sul de Teresina foi inaugurada em agosto de 2021 \u2014 Foto: Divulga\u00e7\u00e3o\/Prefeitura de Teresina<\/figcaption><\/figure>\n\n\n\n<p>Conforme a m\u00e3e de uma das alunas, a dire\u00e7\u00e3o da institui\u00e7\u00e3o recolheu as refei\u00e7\u00f5es que continham as larvas, ap\u00f3s a den\u00fancia dos estudantes, improvisou e serviu uma nova comida.<\/p>\n\n\n\n<p>\u201cAs crian\u00e7as n\u00e3o comeram mais dessa refei\u00e7\u00e3o por causa do ocorrido. Ent\u00e3o a dire\u00e7\u00e3o da escola fez um macarr\u00e3o improvisado pra ver se comiam&#8221;, completou a dona de casa Diana Jer\u00f4nimo.<\/p>\n\n\n\n<h2>Confira a nota completa da Semec<\/h2>\n\n\n\n<p><em>A Secretaria Municipal de Educa\u00e7\u00e3o (Semec) desconhece esta reclama\u00e7\u00e3o que n\u00e3o foi feita junto \u00e0 escola ou \u00f3rg\u00e3o. Causa estranheza, uma vez que os alimentos foram recebidos na \u00faltima semana do m\u00eas de maio, onde foi realizada uma reuni\u00e3o para os pais de alunos com almo\u00e7o para todos. Momento em que os pais elogiaram os alimentos servidos e conheceram toda a estrutura. Contudo, a Semec est\u00e1 avaliando esta informa\u00e7\u00e3o que chega, atrav\u00e9s do Portal g1 Piau\u00ed.<\/em><\/p>\n\n\n\n<p><strong>Fonte: G1 PI<\/strong><\/p>\n","protected":false},"excerpt":{"rendered":"<p>A Escola Municipal Professora Ana Vit\u00f3ria de Carvalho Santos, localizada no bairro Pedra Mi\u00fada, zona Sul de Teresina, suspendeu as aulas, nesta sexta-feira (3), ap\u00f3s estudantes terem encontrado larvas na merenda escolar fornecida pela institui\u00e7\u00e3o. Segundo a m\u00e3e de uma aluna, a dona de casa Diana Jer\u00f4nimo, a refei\u00e7\u00e3o com larvas, composta por arroz e [&hellip;]<\/p>\n","protected":false},"author":1,"featured_media":35098,"comment_status":"open","ping_status":"open","sticky":false,"template":"","format":"standard","meta":{"beyondwords_generate_audio":"","beyondwords_project_id":"","beyondwords_podcast_id":"","beyondwords_hash":"","beyondwords_error_message":"","beyondwords_disabled":"","publish_post_to_speechkit":"","speechkit_generate_audio":"","speechkit_project_id":"","speechkit_podcast_id":"","speechkit_hash":"","speechkit_error_message":"","speechkit_disabled":"","speechkit_access_key":"","speechkit_error":"","speechkit_info":"","speechkit_response":"","speechkit_retries":"","_speechkit_link":"","_speechkit_text":""},"categories":[51,81],"tags":[2426,70,5525,10391,1425,10392,8015,3374,91,52,5866],"jetpack_featured_media_url":"https:\/\/pinews.com.br\/wp-content\/uploads\/2022\/06\/whatsapp-image-2022-06-03-at-09.55.49-1-.jpeg","_links":{"self":[{"href":"https:\/\/pinews.com.br\/index.php\/wp-json\/wp\/v2\/posts\/35097"}],"collection":[{"href":"https:\/\/pinews.com.br\/index.php\/wp-json\/wp\/v2\/posts"}],"about":[{"href":"https:\/\/pinews.com.br\/index.php\/wp-json\/wp\/v2\/types\/post"}],"author":[{"embeddable":true,"href":"https:\/\/pinews.com.br\/index.php\/wp-json\/wp\/v2\/users\/1"}],"replies":[{"embeddable":true,"href":"https:\/\/pinews.com.br\/index.php\/wp-json\/wp\/v2\/comments?post=35097"}],"version-history":[{"count":0,"href":"https:\/\/pinews.com.br\/index.php\/wp-json\/wp\/v2\/posts\/35097\/revisions"}],"wp:featuredmedia":[{"embeddable":true,"href":"https:\/\/pinews.com.br\/index.php\/wp-json\/wp\/v2\/media\/35098"}],"wp:attachment":[{"href":"https:\/\/pinews.com.br\/index.php\/wp-json\/wp\/v2\/media?parent=35097"}],"wp:term":[{"taxonomy":"category","embeddable":true,"href":"https:\/\/pinews.com.br\/index.php\/wp-json\/wp\/v2\/categories?post=35097"},{"taxonomy":"post_tag","embeddable":true,"href":"https:\/\/pinews.com.br\/index.php\/wp-json\/wp\/v2\/tags?post=35097"}],"curies":[{"name":"wp","href":"https:\/\/api.w.org\/{rel}","templated":true}]}}