{"id":35122,"date":"2022-06-04T11:17:25","date_gmt":"2022-06-04T14:17:25","guid":{"rendered":"https:\/\/pinews.com.br\/?p=35122"},"modified":"2022-06-04T11:17:25","modified_gmt":"2022-06-04T14:17:25","slug":"homem-de-30-anos-e-assassinado-em-ponto-turistico-no-piaui","status":"publish","type":"post","link":"https:\/\/pinews.com.br\/index.php\/2022\/06\/04\/homem-de-30-anos-e-assassinado-em-ponto-turistico-no-piaui\/","title":{"rendered":"Homem de 30 anos \u00e9 assassinado em ponto tur\u00edstico no Piau\u00ed"},"content":{"rendered":"\n<p>Um homem de 30 anos, identificado como Antoniel Jefret de Sousa Azevedo, foi encontrado sem vida na manh\u00e3 deste s\u00e1bado (04\/06), por volta das 06h30, nas proximidades da escadaria do monumento da santa do Bairro Santa Teresinha em Cocal, munic\u00edpio da regi\u00e3o Norte do Piau\u00ed.<\/p>\n\n\n\n<p>A Pol\u00edcia Militar foi acionada para atender a uma ocorr\u00eancia de achado de cad\u00e1ver e ao verificar a den\u00fancia, se deparou com o corpo ca\u00eddo em meio a vegeta\u00e7\u00e3o e com o rosto coberto por sangue. A principal suspeita \u00e9 que a v\u00edtima tenha sido morta a facadas, fato que ser\u00e1 constatado com a chegada da per\u00edcia.<\/p>\n\n\n\n<p>Os militares acionaram o Instituto M\u00e9dico Legal (IML) que est\u00e1 a caminho para a realiza\u00e7\u00e3o dos trabalhos de praxe e remo\u00e7\u00e3o do cad\u00e1ver para o posto avan\u00e7ado da institui\u00e7\u00e3o em Parna\u00edba.<\/p>\n\n\n\n<figure class=\"wp-block-image\"><img decoding=\"async\" src=\"https:\/\/storage.stwonline.com.br\/180graus\/uploads\/ckeditor\/pictures\/2564070\/blog-do-coveiro-cocal.jpg\" alt=\"A v\u00edtima, Antoniel Jefret de Sousa Azevedo\"\/><figcaption>A v\u00edtima, Antoniel Jefret de Sousa Azevedo&nbsp;<\/figcaption><\/figure>\n\n\n\n<p><strong>Fonte: 180 Graus\/<\/strong> <strong>Com informa\u00e7\u00f5es do Blog do Coveiro<\/strong><\/p>\n","protected":false},"excerpt":{"rendered":"<p>Um homem de 30 anos, identificado como Antoniel Jefret de Sousa Azevedo, foi encontrado sem vida na manh\u00e3 deste s\u00e1bado (04\/06), por volta das 06h30, nas proximidades da escadaria do monumento da santa do Bairro Santa Teresinha em Cocal, munic\u00edpio da regi\u00e3o Norte do Piau\u00ed. A Pol\u00edcia Militar foi acionada para atender a uma ocorr\u00eancia [&hellip;]<\/p>\n","protected":false},"author":1,"featured_media":35123,"comment_status":"open","ping_status":"open","sticky":false,"template":"","format":"standard","meta":{"beyondwords_generate_audio":"","beyondwords_project_id":"","beyondwords_podcast_id":"","beyondwords_hash":"","beyondwords_error_message":"","beyondwords_disabled":"","publish_post_to_speechkit":"","speechkit_generate_audio":"","speechkit_project_id":"","speechkit_podcast_id":"","speechkit_hash":"","speechkit_error_message":"","speechkit_disabled":"","speechkit_access_key":"","speechkit_error":"","speechkit_info":"","speechkit_response":"","speechkit_retries":"","_speechkit_link":"","_speechkit_text":""},"categories":[51,78],"tags":[780,82,364,44,72,46,84,52,1090,10394],"jetpack_featured_media_url":"https:\/\/pinews.com.br\/wp-content\/uploads\/2022\/06\/Homem-e-morto-1-1024x576-1.jpg","_links":{"self":[{"href":"https:\/\/pinews.com.br\/index.php\/wp-json\/wp\/v2\/posts\/35122"}],"collection":[{"href":"https:\/\/pinews.com.br\/index.php\/wp-json\/wp\/v2\/posts"}],"about":[{"href":"https:\/\/pinews.com.br\/index.php\/wp-json\/wp\/v2\/types\/post"}],"author":[{"embeddable":true,"href":"https:\/\/pinews.com.br\/index.php\/wp-json\/wp\/v2\/users\/1"}],"replies":[{"embeddable":true,"href":"https:\/\/pinews.com.br\/index.php\/wp-json\/wp\/v2\/comments?post=35122"}],"version-history":[{"count":0,"href":"https:\/\/pinews.com.br\/index.php\/wp-json\/wp\/v2\/posts\/35122\/revisions"}],"wp:featuredmedia":[{"embeddable":true,"href":"https:\/\/pinews.com.br\/index.php\/wp-json\/wp\/v2\/media\/35123"}],"wp:attachment":[{"href":"https:\/\/pinews.com.br\/index.php\/wp-json\/wp\/v2\/media?parent=35122"}],"wp:term":[{"taxonomy":"category","embeddable":true,"href":"https:\/\/pinews.com.br\/index.php\/wp-json\/wp\/v2\/categories?post=35122"},{"taxonomy":"post_tag","embeddable":true,"href":"https:\/\/pinews.com.br\/index.php\/wp-json\/wp\/v2\/tags?post=35122"}],"curies":[{"name":"wp","href":"https:\/\/api.w.org\/{rel}","templated":true}]}}