{"id":35131,"date":"2022-06-04T18:01:22","date_gmt":"2022-06-04T21:01:22","guid":{"rendered":"https:\/\/pinews.com.br\/?p=35131"},"modified":"2022-06-04T18:01:22","modified_gmt":"2022-06-04T21:01:22","slug":"fazendeiro-preso-por-transportar-filhotes-de-gato-em-saco-plastico-e-solto-apos-fianca-de-r-4-mil-no-piaui","status":"publish","type":"post","link":"https:\/\/pinews.com.br\/index.php\/2022\/06\/04\/fazendeiro-preso-por-transportar-filhotes-de-gato-em-saco-plastico-e-solto-apos-fianca-de-r-4-mil-no-piaui\/","title":{"rendered":"Fazendeiro preso por transportar filhotes de gato em saco pl\u00e1stico \u00e9 solto ap\u00f3s fian\u00e7a de R$ 4 mil no Piau\u00ed"},"content":{"rendered":"\n<p>Um fazendeiro de 49 anos foi preso em flagrante, nesta sexta-feira (03\/06), em Cocal (267 km de Teresina), pelo crime de maus-tratos contra seis filhotes de gato. Os animais estavam dentro de um saco pl\u00e1stico na carroceria fechada do ve\u00edculo do detido.&nbsp;<\/p>\n\n\n\n<p>O flagrante foi filmado por populares que estavam pr\u00f3ximo ao ve\u00edculo e que conseguiram resgatar os filhotes. Eles ouviram miados de gatos e encontraram animais sem oxig\u00eanio e prestes a entrarem em \u00f3bito devido ao calor.&nbsp;<\/p>\n\n\n\n<p>Ao ver a movimenta\u00e7\u00e3o pr\u00f3xima ao seu carro, o homem de 49 anos tentou justificar para os populares que havia sa\u00eddo da cidade de Cara\u00fabas com destino a Cocal para deixar os filhotes com um amigo.&nbsp;<\/p>\n\n\n\n<p>Por volta das 10h, duas testemunhas foram at\u00e9 a Delegacia Policial de Cocal e registraram um boletim de ocorr\u00eancias contra o homem pelo crime de maus-tratos a c\u00e3es e gatos com base na Lei 9605\/98 de Crimes Contra o Meio Ambiente.&nbsp;<\/p>\n\n\n\n<p><strong>Pris\u00e3o&nbsp;<\/strong><\/p>\n\n\n\n<p>O fazendeiro foi preso por volta das 16h em sua resid\u00eancia. Os policiais, atrav\u00e9s da placa do ve\u00edculo, conseguiram localizar o endere\u00e7o do acusado. O homem foi detido e encaminhado at\u00e9 a unidade policial de Cocal, onde foi interrogado pelo delegado Cayo C\u00e9zar.&nbsp;<\/p>\n\n\n\n<p>No interrogat\u00f3rio que o Cidadeverde.com teve acesso, o acusado reitera a tese de que estava em Cocal para deixar os filhotes de gato para um amigo. Contudo, acabou esquecendo de fazer a entrega porque ficaram conversando sobre problemas pessoais durante cerca de 30 minutos. <\/p>\n\n\n\n<p>Ao delegado, o homem alegou que ao retornar para o ve\u00edculo percebeu que uma mo\u00e7a, juntamente com outras pessoas, haviam resgatado os gatos que ele havia esquecido e disseram que ficariam com os animais.&nbsp;<\/p>\n\n\n\n<p>\u201cEle resolveu n\u00e3o discutir, deixou os gatos com eles e foi para sua resid\u00eancia em Cara\u00fabas, local onde foi abordado por policiais civis. Ele alegou que n\u00e3o tinha a inten\u00e7\u00e3o de maltratar os animais\u201d, diz trecho do interrogat\u00f3rio.&nbsp;<\/p>\n\n\n\n<p><strong>Fian\u00e7a&nbsp;<\/strong><\/p>\n\n\n\n<p>O fazendeiro foi encaminhado de Cocal para a cidade de Parna\u00edba, onde participou de uma audi\u00eancia de cust\u00f3dia. O juiz de Direito Max Paulo Soares de Alc\u00e2ntara presidiu a sess\u00e3o e decidiu pela liberdade provis\u00f3ria do fazendeiro com medida cautelar mediante o pagamento de uma fian\u00e7a de R$ 4.040,00.&nbsp;<\/p>\n\n\n\n<p>O homem dever\u00e1 at\u00e9 o tr\u00e2nsito em julgado do processo:&nbsp;<\/p>\n\n\n\n<ul><li>comparecer perante a autoridade todas as vezes que for intimado;&nbsp;<\/li><li>n\u00e3o mudar de resid\u00eancia sem pr\u00e9via permiss\u00e3o da autoridade judici\u00e1ria;&nbsp;<\/li><li>n\u00e3o praticar outra infra\u00e7\u00e3o penal.&nbsp;<\/li><\/ul>\n\n\n\n<p>O fazendeiro foi solto nas primeiras horas deste s\u00e1bado (04) e responder\u00e1 o processo em liberdade. <\/p>\n\n\n\n<figure class=\"wp-block-embed is-type-video is-provider-youtube wp-block-embed-youtube wp-embed-aspect-16-9 wp-has-aspect-ratio\"><div class=\"wp-block-embed__wrapper\">\n<iframe loading=\"lazy\" title=\"Filhotes de gatos s\u00e3o resgatados de sacola pl\u00e1stica dentro de ve\u00edculo no Piau\u00ed\" width=\"1170\" height=\"658\" src=\"https:\/\/www.youtube.com\/embed\/W39bhe3OfpA?feature=oembed\" frameborder=\"0\" allow=\"accelerometer; autoplay; clipboard-write; encrypted-media; gyroscope; picture-in-picture; web-share\" allowfullscreen><\/iframe>\n<\/div><\/figure>\n\n\n\n<p><strong>Fonte: Nataniel Lima\/ Cidade Verde<\/strong><\/p>\n","protected":false},"excerpt":{"rendered":"<p>Um fazendeiro de 49 anos foi preso em flagrante, nesta sexta-feira (03\/06), em Cocal (267 km de Teresina), pelo crime de maus-tratos contra seis filhotes de gato. Os animais estavam dentro de um saco pl\u00e1stico na carroceria fechada do ve\u00edculo do detido.&nbsp; O flagrante foi filmado por populares que estavam pr\u00f3ximo ao ve\u00edculo e que [&hellip;]<\/p>\n","protected":false},"author":1,"featured_media":35132,"comment_status":"open","ping_status":"open","sticky":false,"template":"","format":"standard","meta":{"beyondwords_generate_audio":"","beyondwords_project_id":"","beyondwords_podcast_id":"","beyondwords_hash":"","beyondwords_error_message":"","beyondwords_disabled":"","publish_post_to_speechkit":"","speechkit_generate_audio":"","speechkit_project_id":"","speechkit_podcast_id":"","speechkit_hash":"","speechkit_error_message":"","speechkit_disabled":"","speechkit_access_key":"","speechkit_error":"","speechkit_info":"","speechkit_response":"","speechkit_retries":"","_speechkit_link":"","_speechkit_text":""},"categories":[51,78],"tags":[70,44,72,46,47,6135,6481,733,109,52,6482,59,79,6483,5647,5396],"jetpack_featured_media_url":"https:\/\/pinews.com.br\/wp-content\/uploads\/2022\/06\/e5d4d185119129cf8fe64f513adb1bc6.jpg","_links":{"self":[{"href":"https:\/\/pinews.com.br\/index.php\/wp-json\/wp\/v2\/posts\/35131"}],"collection":[{"href":"https:\/\/pinews.com.br\/index.php\/wp-json\/wp\/v2\/posts"}],"about":[{"href":"https:\/\/pinews.com.br\/index.php\/wp-json\/wp\/v2\/types\/post"}],"author":[{"embeddable":true,"href":"https:\/\/pinews.com.br\/index.php\/wp-json\/wp\/v2\/users\/1"}],"replies":[{"embeddable":true,"href":"https:\/\/pinews.com.br\/index.php\/wp-json\/wp\/v2\/comments?post=35131"}],"version-history":[{"count":0,"href":"https:\/\/pinews.com.br\/index.php\/wp-json\/wp\/v2\/posts\/35131\/revisions"}],"wp:featuredmedia":[{"embeddable":true,"href":"https:\/\/pinews.com.br\/index.php\/wp-json\/wp\/v2\/media\/35132"}],"wp:attachment":[{"href":"https:\/\/pinews.com.br\/index.php\/wp-json\/wp\/v2\/media?parent=35131"}],"wp:term":[{"taxonomy":"category","embeddable":true,"href":"https:\/\/pinews.com.br\/index.php\/wp-json\/wp\/v2\/categories?post=35131"},{"taxonomy":"post_tag","embeddable":true,"href":"https:\/\/pinews.com.br\/index.php\/wp-json\/wp\/v2\/tags?post=35131"}],"curies":[{"name":"wp","href":"https:\/\/api.w.org\/{rel}","templated":true}]}}