{"id":35153,"date":"2022-06-05T12:46:36","date_gmt":"2022-06-05T15:46:36","guid":{"rendered":"https:\/\/pinews.com.br\/?p=35153"},"modified":"2022-06-05T12:46:36","modified_gmt":"2022-06-05T15:46:36","slug":"funcionaria-de-emissora-de-radio-morre-e-comove-populacao-em-cidade-do-piaui","status":"publish","type":"post","link":"https:\/\/pinews.com.br\/index.php\/2022\/06\/05\/funcionaria-de-emissora-de-radio-morre-e-comove-populacao-em-cidade-do-piaui\/","title":{"rendered":"Funcion\u00e1ria de emissora de r\u00e1dio morre e comove popula\u00e7\u00e3o em cidade do Piau\u00ed"},"content":{"rendered":"\n<p>Uma mulher identificada como M\u00e1rcia Borges, auxiliar de escrit\u00f3rio e operadora de \u00e1udio da R\u00e1dio Primeira Capital de Oeiras, faleceu na madrugada deste domingo (05\/06) em Oeiras. <\/p>\n\n\n\n<p>Segundo as informa\u00e7\u00f5es iniciais apuradas pela reda\u00e7\u00e3o, nas \u00faltimas horas a mesma passou por alguns AVC&#8217;s mas n\u00e3o resistiu, vindo a \u00f3bito. Em contato com seu companheiro de trabalho, Cleto Rodrigues, o mesmo confirmou e lamentou a morte da M\u00e1rcia.<\/p>\n\n\n\n<p>&#8220;Infelizmente procede, n\u00e3o tenho muitas informa\u00e7\u00f5es. Ela era uma multi na nossa emissora, de \u00e1udio a parte de escrit\u00f3rio. \u00c9 uma triste not\u00edcia&#8221;, disse o jornalista. O corpo vai ser velado na casa da fam\u00edlia que fica na rua Brigadeiro Manoel Clementino.<\/p>\n\n\n\n<p><strong>Fonte: 180 Graus\/ As informa\u00e7\u00f5es s\u00e3o do Oeiras em Foco<\/strong><\/p>\n","protected":false},"excerpt":{"rendered":"<p>Uma mulher identificada como M\u00e1rcia Borges, auxiliar de escrit\u00f3rio e operadora de \u00e1udio da R\u00e1dio Primeira Capital de Oeiras, faleceu na madrugada deste domingo (05\/06) em Oeiras. Segundo as informa\u00e7\u00f5es iniciais apuradas pela reda\u00e7\u00e3o, nas \u00faltimas horas a mesma passou por alguns AVC&#8217;s mas n\u00e3o resistiu, vindo a \u00f3bito. Em contato com seu companheiro de [&hellip;]<\/p>\n","protected":false},"author":1,"featured_media":35154,"comment_status":"open","ping_status":"open","sticky":false,"template":"","format":"standard","meta":{"beyondwords_generate_audio":"","beyondwords_project_id":"","beyondwords_podcast_id":"","beyondwords_hash":"","beyondwords_error_message":"","beyondwords_disabled":"","publish_post_to_speechkit":"","speechkit_generate_audio":"","speechkit_project_id":"","speechkit_podcast_id":"","speechkit_hash":"","speechkit_error_message":"","speechkit_disabled":"","speechkit_access_key":"","speechkit_error":"","speechkit_info":"","speechkit_response":"","speechkit_retries":"","_speechkit_link":"","_speechkit_text":""},"categories":[51],"tags":[63,524,44,46,10396,1632,119,52,1914,6014],"jetpack_featured_media_url":"https:\/\/pinews.com.br\/wp-content\/uploads\/2022\/06\/9dbc9db4880f1db3f6cf389d6c29db92.jpg","_links":{"self":[{"href":"https:\/\/pinews.com.br\/index.php\/wp-json\/wp\/v2\/posts\/35153"}],"collection":[{"href":"https:\/\/pinews.com.br\/index.php\/wp-json\/wp\/v2\/posts"}],"about":[{"href":"https:\/\/pinews.com.br\/index.php\/wp-json\/wp\/v2\/types\/post"}],"author":[{"embeddable":true,"href":"https:\/\/pinews.com.br\/index.php\/wp-json\/wp\/v2\/users\/1"}],"replies":[{"embeddable":true,"href":"https:\/\/pinews.com.br\/index.php\/wp-json\/wp\/v2\/comments?post=35153"}],"version-history":[{"count":0,"href":"https:\/\/pinews.com.br\/index.php\/wp-json\/wp\/v2\/posts\/35153\/revisions"}],"wp:featuredmedia":[{"embeddable":true,"href":"https:\/\/pinews.com.br\/index.php\/wp-json\/wp\/v2\/media\/35154"}],"wp:attachment":[{"href":"https:\/\/pinews.com.br\/index.php\/wp-json\/wp\/v2\/media?parent=35153"}],"wp:term":[{"taxonomy":"category","embeddable":true,"href":"https:\/\/pinews.com.br\/index.php\/wp-json\/wp\/v2\/categories?post=35153"},{"taxonomy":"post_tag","embeddable":true,"href":"https:\/\/pinews.com.br\/index.php\/wp-json\/wp\/v2\/tags?post=35153"}],"curies":[{"name":"wp","href":"https:\/\/api.w.org\/{rel}","templated":true}]}}