{"id":35350,"date":"2022-06-10T11:36:46","date_gmt":"2022-06-10T14:36:46","guid":{"rendered":"https:\/\/pinews.com.br\/?p=35350"},"modified":"2022-06-10T11:36:46","modified_gmt":"2022-06-10T14:36:46","slug":"cameras-de-seguranca-flagram-grave-acidente-entre-moto-e-carro-no-piaui","status":"publish","type":"post","link":"https:\/\/pinews.com.br\/index.php\/2022\/06\/10\/cameras-de-seguranca-flagram-grave-acidente-entre-moto-e-carro-no-piaui\/","title":{"rendered":"C\u00e2meras de seguran\u00e7a flagram grave acidente entre moto e carro no Piau\u00ed"},"content":{"rendered":"\n<p>Um motociclista identificado como Antonio Pereira da Silva, de 28 anos, ficou em estado consider\u00e1vel grave apresentando sinais de traumatismo cranioencef\u00e1lico (TCE), dentre outras les\u00f5es pelo corpo ap\u00f3s colidir o seu ve\u00edculo violentamente contra um carro.<\/p>\n\n\n\n<p>O sinistro foi registrado no final da tarde desta quinta-feira (09\/06), no cruzamento das Ruas Princesa Isabel com a 25 de Dezembro, bairro S\u00e3o Francisco em Cocal, munic\u00edpio da regi\u00e3o Norte do Piau\u00ed.<\/p>\n\n\n\n<figure class=\"wp-block-embed is-type-video is-provider-youtube wp-block-embed-youtube wp-embed-aspect-4-3 wp-has-aspect-ratio\"><div class=\"wp-block-embed__wrapper\">\n<iframe loading=\"lazy\" title=\"10 de junho de 2022\" width=\"1170\" height=\"878\" src=\"https:\/\/www.youtube.com\/embed\/h3aH6-9Keno?feature=oembed\" frameborder=\"0\" allow=\"accelerometer; autoplay; clipboard-write; encrypted-media; gyroscope; picture-in-picture; web-share\" allowfullscreen><\/iframe>\n<\/div><\/figure>\n\n\n\n<p>C\u00e2meras de vigil\u00e2ncia de um estabelecimento comercial capturaram todo o ocorrido em que mostram o homem trafegando em alta velocidade na condu\u00e7\u00e3o de uma motocicleta Honda Biz100, de cor azul, na Rua: Princesa Isabel, sentido Centro\/Bairro S\u00e3o Francisco, onde invadiu a preferencial e colidiu violentamente na lateral de autom\u00f3vel Toyota SW4, de cor branca, que seguia na outra via. Nas imagens ainda \u00e9 poss\u00edvel observar que o motociclista por muito pouco n\u00e3o colidiu em uma transeunte.<\/p>\n\n\n\n<p>O Servi\u00e7o de Atendimento M\u00f3vel de Urg\u00eancia (Samu) prestou os primeiros socorros ao acidentado e na sequ\u00eancia o encaminhou para o Hospital Joaquim Vieira de Brito, onde recebeu atendimento m\u00e9dico e a devida estabiliza\u00e7\u00e3o para os procedimentos de transfer\u00eancia para o Hospital Estadual Dirceu Arcoverde (Heda) em Parna\u00edba.<\/p>\n\n\n\n<p>As Pol\u00edcias Militar e Civil atenderam a ocorr\u00eancia e fizeram os primeiros levantamentos, na qual constataram que o motociclista estava sob efeito de bebida alco\u00f3lica, bem como n\u00e3o possu\u00eda permiss\u00e3o para conduzir veiculo automotor (CNH) e a moto est\u00e1 completamente irregular. Ap\u00f3s receber alta m\u00e9dica, Antonio Pereira ser\u00e1 indiciado criminalmente conforme a lei.<\/p>\n\n\n\n<p><strong>Fonte: 180 Graus\/ Com informa\u00e7\u00f5es do Blog do Coveiro<\/strong><\/p>\n","protected":false},"excerpt":{"rendered":"<p>Um motociclista identificado como Antonio Pereira da Silva, de 28 anos, ficou em estado consider\u00e1vel grave apresentando sinais de traumatismo cranioencef\u00e1lico (TCE), dentre outras les\u00f5es pelo corpo ap\u00f3s colidir o seu ve\u00edculo violentamente contra um carro. O sinistro foi registrado no final da tarde desta quinta-feira (09\/06), no cruzamento das Ruas Princesa Isabel com a [&hellip;]<\/p>\n","protected":false},"author":1,"featured_media":35351,"comment_status":"open","ping_status":"open","sticky":false,"template":"","format":"standard","meta":{"beyondwords_generate_audio":"","beyondwords_project_id":"","beyondwords_podcast_id":"","beyondwords_hash":"","beyondwords_error_message":"","beyondwords_disabled":"","publish_post_to_speechkit":"","speechkit_generate_audio":"","speechkit_project_id":"","speechkit_podcast_id":"","speechkit_hash":"","speechkit_error_message":"","speechkit_disabled":"","speechkit_access_key":"","speechkit_error":"","speechkit_info":"","speechkit_response":"","speechkit_retries":"","_speechkit_link":"","_speechkit_text":""},"categories":[51],"tags":[176,8248,62,44,178,9699,404,304,52,2851],"jetpack_featured_media_url":"","_links":{"self":[{"href":"https:\/\/pinews.com.br\/index.php\/wp-json\/wp\/v2\/posts\/35350"}],"collection":[{"href":"https:\/\/pinews.com.br\/index.php\/wp-json\/wp\/v2\/posts"}],"about":[{"href":"https:\/\/pinews.com.br\/index.php\/wp-json\/wp\/v2\/types\/post"}],"author":[{"embeddable":true,"href":"https:\/\/pinews.com.br\/index.php\/wp-json\/wp\/v2\/users\/1"}],"replies":[{"embeddable":true,"href":"https:\/\/pinews.com.br\/index.php\/wp-json\/wp\/v2\/comments?post=35350"}],"version-history":[{"count":0,"href":"https:\/\/pinews.com.br\/index.php\/wp-json\/wp\/v2\/posts\/35350\/revisions"}],"wp:featuredmedia":[{"embeddable":true,"href":"https:\/\/pinews.com.br\/index.php\/wp-json\/"}],"wp:attachment":[{"href":"https:\/\/pinews.com.br\/index.php\/wp-json\/wp\/v2\/media?parent=35350"}],"wp:term":[{"taxonomy":"category","embeddable":true,"href":"https:\/\/pinews.com.br\/index.php\/wp-json\/wp\/v2\/categories?post=35350"},{"taxonomy":"post_tag","embeddable":true,"href":"https:\/\/pinews.com.br\/index.php\/wp-json\/wp\/v2\/tags?post=35350"}],"curies":[{"name":"wp","href":"https:\/\/api.w.org\/{rel}","templated":true}]}}