{"id":35648,"date":"2022-06-16T17:43:33","date_gmt":"2022-06-16T20:43:33","guid":{"rendered":"https:\/\/pinews.com.br\/?p=35648"},"modified":"2022-06-16T17:43:33","modified_gmt":"2022-06-16T20:43:33","slug":"homem-que-saiu-do-piaui-e-mais-3-mulheres-morrem-em-grave-acidente-no-maranhao","status":"publish","type":"post","link":"https:\/\/pinews.com.br\/index.php\/2022\/06\/16\/homem-que-saiu-do-piaui-e-mais-3-mulheres-morrem-em-grave-acidente-no-maranhao\/","title":{"rendered":"Homem que saiu do Piau\u00ed e mais 3 mulheres morrem em grave acidente no Maranh\u00e3o"},"content":{"rendered":"\n<p>Quatro pessoas morreram em um grave acidente, na noite de quarta-feira (15), por volta das 19h, no km 151 da BR-226, no munic\u00edpio de Governador Eug\u00eanio Barros, no Maranh\u00e3o.<\/p>\n\n\n\n<p>Os ve\u00edculos envolvidos no acidente foram uma picape Fiat\/Strada, de cor vermelha e placas de Senador Alexandre Costa (MA), e um caminh\u00e3o de placas do munic\u00edpio de Porangatu (GO). A picape foi atingida lateralmente e arrastada na rodovia.<\/p>\n\n\n\n<p>As v\u00edtimas, que ocupavam a picape, foram o condutor, de 54 anos, residente em Teresina, e outras tr\u00eas mulheres. Todas morreram no local do acidente.<\/p>\n\n\n\n<p>Segundo informa\u00e7\u00f5es da PRF, a picape saiu inadvertidamente de um acesso e adentrou na rodovia. No momento, dois ve\u00edculo sa\u00edram desse acesso \u00e0 BR-226, sendo que o primeiro conseguiu adentrar com sucesso na rodovia, mas a picape n\u00e3o. <\/p>\n\n\n\n<p>A visibilidade do local \u00e9 ruim e dificultou a observa\u00e7\u00e3o da presen\u00e7a de outros ve\u00edculos trafegando na rodovia. O motorista do caminh\u00e3o saiu ileso.<\/p>\n\n\n\n<p><strong>Fonte: Meio Norte<\/strong><\/p>\n","protected":false},"excerpt":{"rendered":"<p>Quatro pessoas morreram em um grave acidente, na noite de quarta-feira (15), por volta das 19h, no km 151 da BR-226, no munic\u00edpio de Governador Eug\u00eanio Barros, no Maranh\u00e3o. Os ve\u00edculos envolvidos no acidente foram uma picape Fiat\/Strada, de cor vermelha e placas de Senador Alexandre Costa (MA), e um caminh\u00e3o de placas do munic\u00edpio [&hellip;]<\/p>\n","protected":false},"author":1,"featured_media":35649,"comment_status":"open","ping_status":"open","sticky":false,"template":"","format":"standard","meta":{"beyondwords_generate_audio":"","beyondwords_project_id":"","beyondwords_podcast_id":"","beyondwords_hash":"","beyondwords_error_message":"","beyondwords_disabled":"","publish_post_to_speechkit":"","speechkit_generate_audio":"","speechkit_project_id":"","speechkit_podcast_id":"","speechkit_hash":"","speechkit_error_message":"","speechkit_disabled":"","speechkit_access_key":"","speechkit_error":"","speechkit_info":"","speechkit_response":"","speechkit_retries":"","_speechkit_link":"","_speechkit_text":""},"categories":[134],"tags":[176,46,404,84,76,1139,261,422,52,7250],"jetpack_featured_media_url":"","_links":{"self":[{"href":"https:\/\/pinews.com.br\/index.php\/wp-json\/wp\/v2\/posts\/35648"}],"collection":[{"href":"https:\/\/pinews.com.br\/index.php\/wp-json\/wp\/v2\/posts"}],"about":[{"href":"https:\/\/pinews.com.br\/index.php\/wp-json\/wp\/v2\/types\/post"}],"author":[{"embeddable":true,"href":"https:\/\/pinews.com.br\/index.php\/wp-json\/wp\/v2\/users\/1"}],"replies":[{"embeddable":true,"href":"https:\/\/pinews.com.br\/index.php\/wp-json\/wp\/v2\/comments?post=35648"}],"version-history":[{"count":0,"href":"https:\/\/pinews.com.br\/index.php\/wp-json\/wp\/v2\/posts\/35648\/revisions"}],"wp:featuredmedia":[{"embeddable":true,"href":"https:\/\/pinews.com.br\/index.php\/wp-json\/"}],"wp:attachment":[{"href":"https:\/\/pinews.com.br\/index.php\/wp-json\/wp\/v2\/media?parent=35648"}],"wp:term":[{"taxonomy":"category","embeddable":true,"href":"https:\/\/pinews.com.br\/index.php\/wp-json\/wp\/v2\/categories?post=35648"},{"taxonomy":"post_tag","embeddable":true,"href":"https:\/\/pinews.com.br\/index.php\/wp-json\/wp\/v2\/tags?post=35648"}],"curies":[{"name":"wp","href":"https:\/\/api.w.org\/{rel}","templated":true}]}}