{"id":35858,"date":"2022-06-21T20:33:08","date_gmt":"2022-06-21T23:33:08","guid":{"rendered":"https:\/\/pinews.com.br\/?p=35858"},"modified":"2022-06-21T20:33:08","modified_gmt":"2022-06-21T23:33:08","slug":"conta-de-luz-aneel-anuncia-alta-de-ate-64-nas-bandeiras-tarifarias","status":"publish","type":"post","link":"https:\/\/pinews.com.br\/index.php\/2022\/06\/21\/conta-de-luz-aneel-anuncia-alta-de-ate-64-nas-bandeiras-tarifarias\/","title":{"rendered":"Conta de luz: Aneel anuncia alta de at\u00e9 64% nas bandeiras tarif\u00e1rias"},"content":{"rendered":"\n<p>A Ag\u00eancia Nacional de Energia El\u00e9trica (Aneel) aprovou, nesta ter\u00e7a-feira (21\/6), o reajuste das bandeiras tarif\u00e1rias na conta de luz para o per\u00edodo de julho de 2022 a junho de 2023.<\/p>\n\n\n\n<p>A bandeira amarela passa a ser de R$ 2,989 para cada 100 quilowatts-hora (kWh), alta de 63,7%, consumidos no m\u00eas. A bandeira tarif\u00e1ria vermelha patamar 1 ser\u00e1 de R$ 6,50, aumento de 59,5%, a cada 100 kWh.<\/p>\n\n\n\n<p>No caso da bandeira vermelha patamar 2, o valor aprovado pela Aneel \u00e9 de R$ 9,795, acr\u00e9scimo de 3,2%, a cada 100 kWh.<\/p>\n\n\n\n<p>Confira como ficam as bandeiras:<\/p>\n\n\n\n<figure class=\"wp-block-image size-full is-resized\"><img decoding=\"async\" loading=\"lazy\" src=\"https:\/\/pinews.com.br\/wp-content\/uploads\/2022\/06\/Aneel-1-1024x500-1.webp\" alt=\"\" class=\"wp-image-35859\" width=\"377\" height=\"184\"\/><figcaption>Fonte: Aneel<\/figcaption><\/figure>\n\n\n\n<p>A bandeira tarif\u00e1ria de julho ser\u00e1 anunciada pela Ag\u00eancia nesta sexta-feira (24\/6), j\u00e1 com os novos valores.<\/p>\n\n\n\n<h4>O que s\u00e3o as bandeiras tarif\u00e1rias?<\/h4>\n\n\n\n<p>Criado pela Aneel, o sistema de bandeiras tarif\u00e1rias busca sinalizar o custo real da energia gerada, possibilitando aos consumidores planejar como usar a energia el\u00e9trica.<\/p>\n\n\n\n<p>Se a bandeira est\u00e1 vermelha, ele sabe que \u00e9 conveniente economizar, ter um consumo mais consciente e evitar o desperd\u00edcio de \u00e1gua e energia.<\/p>\n\n\n\n<p><strong>Fonte: Metr\u00f3poles <\/strong><\/p>\n","protected":false},"excerpt":{"rendered":"<p>A Ag\u00eancia Nacional de Energia El\u00e9trica (Aneel) aprovou, nesta ter\u00e7a-feira (21\/6), o reajuste das bandeiras tarif\u00e1rias na conta de luz para o per\u00edodo de julho de 2022 a junho de 2023. A bandeira amarela passa a ser de R$ 2,989 para cada 100 quilowatts-hora (kWh), alta de 63,7%, consumidos no m\u00eas. A bandeira tarif\u00e1ria vermelha [&hellip;]<\/p>\n","protected":false},"author":1,"featured_media":35860,"comment_status":"open","ping_status":"open","sticky":false,"template":"","format":"standard","meta":{"beyondwords_generate_audio":"","beyondwords_project_id":"","beyondwords_podcast_id":"","beyondwords_hash":"","beyondwords_error_message":"","beyondwords_disabled":"","publish_post_to_speechkit":"","speechkit_generate_audio":"","speechkit_project_id":"","speechkit_podcast_id":"","speechkit_hash":"","speechkit_error_message":"","speechkit_disabled":"","speechkit_access_key":"","speechkit_error":"","speechkit_info":"","speechkit_response":"","speechkit_retries":"","_speechkit_link":"","_speechkit_text":""},"categories":[516,134],"tags":[7762,286,6705,3195,815,10453,6395,44,5792,826,10454],"jetpack_featured_media_url":"","_links":{"self":[{"href":"https:\/\/pinews.com.br\/index.php\/wp-json\/wp\/v2\/posts\/35858"}],"collection":[{"href":"https:\/\/pinews.com.br\/index.php\/wp-json\/wp\/v2\/posts"}],"about":[{"href":"https:\/\/pinews.com.br\/index.php\/wp-json\/wp\/v2\/types\/post"}],"author":[{"embeddable":true,"href":"https:\/\/pinews.com.br\/index.php\/wp-json\/wp\/v2\/users\/1"}],"replies":[{"embeddable":true,"href":"https:\/\/pinews.com.br\/index.php\/wp-json\/wp\/v2\/comments?post=35858"}],"version-history":[{"count":0,"href":"https:\/\/pinews.com.br\/index.php\/wp-json\/wp\/v2\/posts\/35858\/revisions"}],"wp:featuredmedia":[{"embeddable":true,"href":"https:\/\/pinews.com.br\/index.php\/wp-json\/"}],"wp:attachment":[{"href":"https:\/\/pinews.com.br\/index.php\/wp-json\/wp\/v2\/media?parent=35858"}],"wp:term":[{"taxonomy":"category","embeddable":true,"href":"https:\/\/pinews.com.br\/index.php\/wp-json\/wp\/v2\/categories?post=35858"},{"taxonomy":"post_tag","embeddable":true,"href":"https:\/\/pinews.com.br\/index.php\/wp-json\/wp\/v2\/tags?post=35858"}],"curies":[{"name":"wp","href":"https:\/\/api.w.org\/{rel}","templated":true}]}}