{"id":35877,"date":"2022-06-22T17:13:33","date_gmt":"2022-06-22T20:13:33","guid":{"rendered":"https:\/\/pinews.com.br\/?p=35877"},"modified":"2022-06-22T17:13:33","modified_gmt":"2022-06-22T20:13:33","slug":"prefeitura-de-simoes-abre-incricoes-de-processo-seletivo-para-professores","status":"publish","type":"post","link":"https:\/\/pinews.com.br\/index.php\/2022\/06\/22\/prefeitura-de-simoes-abre-incricoes-de-processo-seletivo-para-professores\/","title":{"rendered":"Prefeitura de Sim\u00f5es abre incri\u00e7\u00f5es de processo seletivo para professores"},"content":{"rendered":"\n<p>A Prefeitura de Sim\u00f5es abriu nesta quarta-feira (22) as inscri\u00e7\u00f5es do processo seletivo para contrata\u00e7\u00e3o tempor\u00e1ria de professores e cadastro de reserva. O sal\u00e1rio chega a R$ 1.922,82 para carga hor\u00e1ria de 20 horas semanais.<\/p>\n\n\n\n<ul><li><a href=\"https:\/\/s3.glbimg.com\/v1\/AUTH_e4d2bfadf5b24cb1b522c328c495d86e\/G1\/G1%20PIAUI\/Diario-oficial-municipios-piaui-simoes.pdf\" target=\"_blank\" rel=\"noreferrer noopener\"><strong>Confira o edital na \u00edntegra<\/strong><\/a><\/li><\/ul>\n\n\n\n<p>As vagas s\u00e3o para: professor educa\u00e7\u00e3o infantil, professor de ingl\u00eas, professor educa\u00e7\u00e3o especial, professor de polival\u00eancia, professor de portugu\u00eas, professor de geografia, professor de matem\u00e1tica, professor de hist\u00f3ria, professor de educa\u00e7\u00e3o f\u00edsica.<\/p>\n\n\n\n<p>As inscri\u00e7\u00f5es ser\u00e3o efetuadas exclusivamente via internet, no site da JVL Concursos, at\u00e9 o dia 30 de junho. O pagamento da taxa de R$ 80 dever\u00e1 ser atrav\u00e9s de boleto banc\u00e1rio at\u00e9 a data de 1\u00ba de julho de 2022.<\/p>\n\n\n\n<p>O teste seletivo ser\u00e1 composto de duas modalidades de avalia\u00e7\u00e3o: prova produ\u00e7\u00e3o textual e avalia\u00e7\u00e3o de experi\u00eancia profissional. A prova est\u00e1 prevista para o dia 24 de julho de 2022, no hor\u00e1rio de 9h \u00e0s 12h.<\/p>\n\n\n\n<p>O prazo de validade do processo Seletivo ser\u00e1 de 12 meses a contar da data de sua assinatura, podendo ser renovado por igual per\u00edodo.<\/p>\n\n\n\n<p><strong>Fonte: G1 PI <\/strong><\/p>\n","protected":false},"excerpt":{"rendered":"<p>A Prefeitura de Sim\u00f5es abriu nesta quarta-feira (22) as inscri\u00e7\u00f5es do processo seletivo para contrata\u00e7\u00e3o tempor\u00e1ria de professores e cadastro de reserva. O sal\u00e1rio chega a R$ 1.922,82 para carga hor\u00e1ria de 20 horas semanais. Confira o edital na \u00edntegra As vagas s\u00e3o para: professor educa\u00e7\u00e3o infantil, professor de ingl\u00eas, professor educa\u00e7\u00e3o especial, professor de [&hellip;]<\/p>\n","protected":false},"author":1,"featured_media":35878,"comment_status":"open","ping_status":"open","sticky":false,"template":"","format":"standard","meta":{"beyondwords_generate_audio":"","beyondwords_project_id":"","beyondwords_podcast_id":"","beyondwords_hash":"","beyondwords_error_message":"","beyondwords_disabled":"","publish_post_to_speechkit":"","speechkit_generate_audio":"","speechkit_project_id":"","speechkit_podcast_id":"","speechkit_hash":"","speechkit_error_message":"","speechkit_disabled":"","speechkit_access_key":"","speechkit_error":"","speechkit_info":"","speechkit_response":"","speechkit_retries":"","_speechkit_link":"","_speechkit_text":""},"categories":[124,51,483],"tags":[412,44,10461,350,917,958,1210,959,484],"jetpack_featured_media_url":"","_links":{"self":[{"href":"https:\/\/pinews.com.br\/index.php\/wp-json\/wp\/v2\/posts\/35877"}],"collection":[{"href":"https:\/\/pinews.com.br\/index.php\/wp-json\/wp\/v2\/posts"}],"about":[{"href":"https:\/\/pinews.com.br\/index.php\/wp-json\/wp\/v2\/types\/post"}],"author":[{"embeddable":true,"href":"https:\/\/pinews.com.br\/index.php\/wp-json\/wp\/v2\/users\/1"}],"replies":[{"embeddable":true,"href":"https:\/\/pinews.com.br\/index.php\/wp-json\/wp\/v2\/comments?post=35877"}],"version-history":[{"count":0,"href":"https:\/\/pinews.com.br\/index.php\/wp-json\/wp\/v2\/posts\/35877\/revisions"}],"wp:featuredmedia":[{"embeddable":true,"href":"https:\/\/pinews.com.br\/index.php\/wp-json\/"}],"wp:attachment":[{"href":"https:\/\/pinews.com.br\/index.php\/wp-json\/wp\/v2\/media?parent=35877"}],"wp:term":[{"taxonomy":"category","embeddable":true,"href":"https:\/\/pinews.com.br\/index.php\/wp-json\/wp\/v2\/categories?post=35877"},{"taxonomy":"post_tag","embeddable":true,"href":"https:\/\/pinews.com.br\/index.php\/wp-json\/wp\/v2\/tags?post=35877"}],"curies":[{"name":"wp","href":"https:\/\/api.w.org\/{rel}","templated":true}]}}