{"id":35883,"date":"2022-06-22T17:20:07","date_gmt":"2022-06-22T20:20:07","guid":{"rendered":"https:\/\/pinews.com.br\/?p=35883"},"modified":"2022-06-22T17:20:07","modified_gmt":"2022-06-22T20:20:07","slug":"assaltantes-fazem-arrastoes-em-paradas-de-onibus-no-retorno-presencial-das-aulas-na-ufpi","status":"publish","type":"post","link":"https:\/\/pinews.com.br\/index.php\/2022\/06\/22\/assaltantes-fazem-arrastoes-em-paradas-de-onibus-no-retorno-presencial-das-aulas-na-ufpi\/","title":{"rendered":"Assaltantes fazem arrast\u00f5es em paradas de \u00f4nibus no retorno presencial das aulas na Ufpi"},"content":{"rendered":"\n<p>Estudantes da Universidade Federal do Piau\u00ed (UFPI) tiveram os celulares roubados durante assaltos nas paradas de \u00f4nibus do campus Ministro Petr\u00f4nio Portella, na zona Leste de Teresina, nessa ter\u00e7a-feira (21).<\/p>\n\n\n\n<p>Segundo uma v\u00edtima, que preferiu n\u00e3o se identificar, um homem chegou pela cal\u00e7ada de motocicleta e abordou os alunos que estavam na parada do Centro de Ci\u00eancias Humanas e Linguagens (CCHL), por volta das 16h30. A v\u00edtima, que \u00e9 estudante do curso de Administra\u00e7\u00e3o, informou que viu uma arma dentro da cal\u00e7a do assaltante.<\/p>\n\n\n\n<p>\u201cEstava eu e mais 4 pessoas na parada, eu tava esperando o meu irm\u00e3o ir me pegar. Quando eu fui pegar no celular, eu vi um cara vindo na nossa dire\u00e7\u00e3o e eu j\u00e1 sabia que ali seria um assalto porqu\u00ea ele n\u00e3o veio pela rua como um aluno ou qualquer pessoa que passa por ali, ele veio pela cal\u00e7ada j\u00e1. Eu at\u00e9 pensei em correr, mas eu fiquei com medo dele fazer alguma coisa com as pessoas ali, n\u00e3o queria me sentir responsabilizado caso ele tivesse alguma rea\u00e7\u00e3o contra elas. Eu fiquei l\u00e1 e ele parou na minha frente e na frente da menina que estava do meu lado e disse \u2018s\u00f3 quero o celular, s\u00f3 o celular\u00b4 e nessa hora eu vi o cano da arma dentro da cal\u00e7a dele\u201d, relatou.<\/p>\n\n\n\n<p>A v\u00edtima disse ainda que o bandido conseguiu roubar dois celulares e que outras pessoas, que tamb\u00e9m estavam na parada de \u00f4nibus, conseguiram correr para dentro da universidade. O estudante acrescentou que guardas da UFPI foram at\u00e9 o local, vindo da ocorr\u00eancia de outro arrast\u00e3o, mas o assaltante j\u00e1 havia conseguido fugir.<\/p>\n\n\n\n<p>\u201cDei o meu celular a ele e a menina que tava do meu lado deu o dela tamb\u00e9m. Tinha um menino no outro lado branco e ele correu, uma outra menina que tamb\u00e9m correu e uma n\u00e3o entregou o celular dela. Ele ainda ficou uns segundos parada um pouco depois da parada e foi embora, logo depois os guardas chegaram e ele j\u00e1 tinha ido\u201d, acrescentou.<\/p>\n\n\n\n<p>Nas redes sociais, os estudantes desabafaram o medo e inseguran\u00e7a ap\u00f3s os relatos. Nessa segunda-feira (20), ocorreu o retorno presencial das aulas na universidade.<\/p>\n\n\n\n<p>\u201cCompletamente horrorizado com esses relatos de arrast\u00e3o nas paradas da ufpi\u201d, disse um estudante. Outro questionou a falta de policiamento, &#8220;segundo dia de aula na UFPI e j\u00e1 teve arrast\u00e3o na parada 13 com alunos da noite. Gente, cad\u00ea o policiamento?\u201d, escreveu.<\/p>\n\n\n\n<p>O Diret\u00f3rio Central dos Estudantes (DCE) da UFPI informou ao<strong>&nbsp;Cidadeverde.com<\/strong>&nbsp;que tamb\u00e9m tomou conhecimento de outro arrast\u00e3o realizado na parada de \u00f4nibus do Centro de Ci\u00eancias da Educa\u00e7\u00e3o (CCE), na tarde de ontem (21).<\/p>\n\n\n\n<p>O DCE destacou que est\u00e1 entrando em contato com a Prefeitura Universit\u00e1ria no sentido de aumentar a seguran\u00e7a dentro da universidade e sobre melhorias da ilumina\u00e7\u00e3o nas paradas, outra reclama\u00e7\u00e3o dos alunos.<\/p>\n\n\n\n<p>Procurada pela reportagem, a UFPI informou em nota que lamenta o ocorrido e que soliticou \u00e0 Pol\u00edcia Militar rondas mais frequentes na \u00e1rea do campus.<\/p>\n\n\n\n<blockquote class=\"wp-block-quote\"><p>A Universidade Federal do Piau\u00ed (UFPI) informa que realizou um planejamento estrat\u00e9gico que abrange todos os setores para garantir o retorno presencial seguro \u00e0 comunidade acad\u00eamica e que o novo semestre letivo teve in\u00edcio na segunda-feira, dia 20, sem relatos de anormalidades e contratempos.<\/p><p>No que tange \u00e0 \u00e1rea de seguran\u00e7a, houve refor\u00e7o das a\u00e7\u00f5es da Divis\u00e3o de Vigil\u00e2ncia, com atua\u00e7\u00e3o de 186 profissionais, entre vigilantes desarmados e armados, efetivos e terceirizados.<\/p><p>Em hor\u00e1rios de pico, as a\u00e7\u00f5es se intensificam com duas viaturas e tr\u00eas motos que fazem rondas no campus.<\/p><p>Realizou-se, inclusive, ajuste de hor\u00e1rios de atua\u00e7\u00e3o dos vigilantes para melhor atender \u00e0s necessidades dos p\u00fablicos-alvo no retorno presencial.<\/p><p>A Administra\u00e7\u00e3o Superior da UFPI tamb\u00e9m solicitou \u00e0 Pol\u00edcia Militar rondas mais frequentes na \u00e1rea do campus, colabora\u00e7\u00e3o sempre valorizada pela atual gest\u00e3o da Universidade.<\/p><p>A UFPI lamenta o ocorrido e refor\u00e7a que continuar\u00e1 atuando em prol da seguran\u00e7a da comunidade acad\u00eamica.<\/p><\/blockquote>\n\n\n\n<p>O delegado Ademar Canabrava, do 12\u00ba Distrito Policial, informou que houve um registro de boletim de ocorr\u00eancia na delegacia, mas n\u00e3o tem detalhes se seria sobre roubos dentro da universidade. Nesse caso, por se tratar de uma entidade federal, o delegado acrescentou que as investiga\u00e7\u00f5es ficam a carga da Pol\u00edcia Federal.&nbsp;<\/p>\n\n\n\n<p><strong>Fonte: Rebeca Lima\/ Cidade Verde <\/strong><\/p>\n","protected":false},"excerpt":{"rendered":"<p>Estudantes da Universidade Federal do Piau\u00ed (UFPI) tiveram os celulares roubados durante assaltos nas paradas de \u00f4nibus do campus Ministro Petr\u00f4nio Portella, na zona Leste de Teresina, nessa ter\u00e7a-feira (21). Segundo uma v\u00edtima, que preferiu n\u00e3o se identificar, um homem chegou pela cal\u00e7ada de motocicleta e abordou os alunos que estavam na parada do Centro [&hellip;]<\/p>\n","protected":false},"author":1,"featured_media":35884,"comment_status":"open","ping_status":"open","sticky":false,"template":"","format":"standard","meta":{"beyondwords_generate_audio":"","beyondwords_project_id":"","beyondwords_podcast_id":"","beyondwords_hash":"","beyondwords_error_message":"","beyondwords_disabled":"","publish_post_to_speechkit":"","speechkit_generate_audio":"","speechkit_project_id":"","speechkit_podcast_id":"","speechkit_hash":"","speechkit_error_message":"","speechkit_disabled":"","speechkit_access_key":"","speechkit_error":"","speechkit_info":"","speechkit_response":"","speechkit_retries":"","_speechkit_link":"","_speechkit_text":""},"categories":[51,78,81],"tags":[6093,1614,5525,888,44,46,577,91,301,6296,5304,5524,131],"jetpack_featured_media_url":"","_links":{"self":[{"href":"https:\/\/pinews.com.br\/index.php\/wp-json\/wp\/v2\/posts\/35883"}],"collection":[{"href":"https:\/\/pinews.com.br\/index.php\/wp-json\/wp\/v2\/posts"}],"about":[{"href":"https:\/\/pinews.com.br\/index.php\/wp-json\/wp\/v2\/types\/post"}],"author":[{"embeddable":true,"href":"https:\/\/pinews.com.br\/index.php\/wp-json\/wp\/v2\/users\/1"}],"replies":[{"embeddable":true,"href":"https:\/\/pinews.com.br\/index.php\/wp-json\/wp\/v2\/comments?post=35883"}],"version-history":[{"count":0,"href":"https:\/\/pinews.com.br\/index.php\/wp-json\/wp\/v2\/posts\/35883\/revisions"}],"wp:featuredmedia":[{"embeddable":true,"href":"https:\/\/pinews.com.br\/index.php\/wp-json\/"}],"wp:attachment":[{"href":"https:\/\/pinews.com.br\/index.php\/wp-json\/wp\/v2\/media?parent=35883"}],"wp:term":[{"taxonomy":"category","embeddable":true,"href":"https:\/\/pinews.com.br\/index.php\/wp-json\/wp\/v2\/categories?post=35883"},{"taxonomy":"post_tag","embeddable":true,"href":"https:\/\/pinews.com.br\/index.php\/wp-json\/wp\/v2\/tags?post=35883"}],"curies":[{"name":"wp","href":"https:\/\/api.w.org\/{rel}","templated":true}]}}