{"id":35910,"date":"2022-06-23T11:06:57","date_gmt":"2022-06-23T14:06:57","guid":{"rendered":"https:\/\/pinews.com.br\/?p=35910"},"modified":"2022-06-23T11:06:57","modified_gmt":"2022-06-23T14:06:57","slug":"dupla-suspeita-de-integrar-faccao-e-presa-com-submetralhadora-e-colete-no-piaui","status":"publish","type":"post","link":"https:\/\/pinews.com.br\/index.php\/2022\/06\/23\/dupla-suspeita-de-integrar-faccao-e-presa-com-submetralhadora-e-colete-no-piaui\/","title":{"rendered":"Dupla suspeita de integrar fac\u00e7\u00e3o \u00e9 presa com submetralhadora e colete no Piau\u00ed"},"content":{"rendered":"\n<p><strong>Atualizada \u00e0s 10h30<\/strong><\/p>\n\n\n\n<p>As equipes da Pol\u00edcia Civil e da Pol\u00edcia Militar prenderam dois suspeitos de integrar uma fac\u00e7\u00e3o criminosa, em uma resid\u00eancia no bairro Parque Alvorada, zona Norte de Teresina. Com a dupla, tamb\u00e9m foram apreendidas duas armas, sendo uma submetralhadora, muni\u00e7\u00f5es e colete bal\u00edstico . A a\u00e7\u00e3o se decorreu durante a opera\u00e7\u00e3o Captura Integrada, deflagrada na manh\u00e3 de hoje (23) em toda a capital, que resultou na pris\u00e3o de pelo menos 35 suspeitos de roubo e tr\u00e1fico de drogas.&nbsp;<\/p>\n\n\n\n<p>Segundo informa\u00e7\u00f5es do delegado Matheus Zanatta, gerente de Pol\u00edcia Especializada, a pol\u00edcia foi cumprir um mandado de busca e apreens\u00e3o no local quando realizou o flagrante. Um dos suspeitos ainda tentou fugir, mas foi capturado.&nbsp;<\/p>\n\n\n\n<p>Al\u00e9m das armas, tamb\u00e9m foi apreendido um drone, aproximadamente R$ 10 mil reais e um celular roubado&nbsp;<\/p>\n\n\n\n<p>\u201cN\u00f3s fomos cumprir mandado de busca e apreens\u00e3o na resid\u00eancia desses dois indiv\u00edduos investigados, no Parque Alvorada, no momento do cumprimento um deles se evadiu do local, mas conseguimos capturar. S\u00e3o indiv\u00edduos j\u00e1 conhecidos da pol\u00edcia, j\u00e1 temos provas contundentes que eles entregam a organiza\u00e7\u00e3o criminosa PCC e foram presos com material de alto poder de fogo, uma submetralhadora, uma grande quantidade em dinheiro, muni\u00e7\u00f5es, celular roubado e at\u00e9 colete bal\u00edstico\u201d, explica o delegado.&nbsp;<\/p>\n\n\n\n<p>Matheus Zanatta acrescentou ainda que h\u00e1 ind\u00edcios do uso da submetralhadora apreendida em homic\u00eddios na capital e que um exame pericial ser\u00e1 solicitado na arma.&nbsp;<\/p>\n\n\n\n<p>\u201cExistem ind\u00edcios que essa submetralhadora tenha sido usada&nbsp; em homic\u00eddios aqui na cidade de Teresina e vamos pedir exame pericial nessa arma de fogo para verificar\u201d, ressalta.<\/p>\n\n\n\n<p>At\u00e9 o momento, 35 pessoas foram presas, sendo 32 por meio de mandado de pris\u00e3o e tr\u00eas pessoas presas em flagrante. O opera\u00e7\u00e3o Captura Integrada segue durante todo o dia.&nbsp;<\/p>\n\n\n\n<p>O delegado geral da Pol\u00edcia Civil, Luccy Keiko, esclareceu que as equipes j\u00e1 vinham realizando pris\u00f5es nos \u00faltimos dez dias, nas regi\u00f5es em que os \u00edndices de criminalidade estavam altos.&nbsp;<\/p>\n\n\n\n<p>\u201cH\u00e1 cerca de 10 dias n\u00f3s iniciamos aqui a opera\u00e7\u00e3o Captura Integrada, nos reunimos com o comandante geral, Coronel Scheiwann e decidimos focar nos mandados por crimes de roubo e tr\u00e1gico de drogas, principalmente nas zonas onde a criminalidade estava mais acentuada, ent\u00e3o n\u00f3s come\u00e7amos a cumprir mandados diariamente, na data de hoje n\u00f3s deflagramos a opera\u00e7\u00e3o, mas j\u00e1 t\u00ednhamos aproximadamente 17 a 18 pessoas presas nesse intervalo e hoje n\u00f3s j\u00e1 conseguimos cumprir mais de uma dezena de mandados de pris\u00e3o e mandados de busca e apreens\u00e3o na zona Norte\u201d acrescenta o delegado geral.&nbsp;<\/p>\n\n\n\n<p>Luccy Keiko tamb\u00e9m destacou que os \u00edndices de mortes violentas j\u00e1 v\u00eam apresentando uma redu\u00e7\u00e3o na capital e que isso \u00e9 efeito dessas opera\u00e7\u00f5es que dever\u00e3o ser intensificadas nos pr\u00f3ximos meses.&nbsp;<\/p>\n\n\n\n<p>\u201cTeresina j\u00e1 est\u00e1 tendo uma redu\u00e7\u00e3o da criminalidade violenta. At\u00e9 os primeiros 15 dias de junho, Teresina j\u00e1 registrou uma queda de mortes. No final de mar\u00e7o, Teresina estava com aproximadamente 21% de aumento de mortes em rela\u00e7\u00e3o ao mesmo per\u00edodo no ano passado. Quando passou agora abril, maio e os primeiros 15 dias de junho, esse aumento de 21% j\u00e1 tem um decr\u00e9scimo de 2% a 3%, ent\u00e3o j\u00e1 foram meses bons e certamente essas a\u00e7\u00f5es devem ser o foco no segundo semestre\u201d, destaca Keiko.<\/p>\n\n\n\n<figure class=\"wp-block-image is-resized\"><img decoding=\"async\" loading=\"lazy\" src=\"https:\/\/cidadeverde.com\/assets\/uploads\/noticias\/db511fee5238721cf068ad659e9d9477.jpg\" alt=\"\" width=\"377\" height=\"282\"\/><figcaption><em>Foto: Divulga\u00e7\u00e3o\/Pol\u00edcia Civil<\/em><\/figcaption><\/figure>\n\n\n\n<p><strong>Mat\u00e9ria Original<\/strong><\/p>\n\n\n\n<p>Equipes da Pol\u00edcia Civil e da Pol\u00edcia Militar deflagraram nesta quinta-feira (23) a Opera\u00e7\u00e3o &#8216;Captura Integrada&#8217;, que tem como objetivo o cumprimento de mandados de pris\u00e3o relacionados a crimes de Roubo e Trafico de Drogas.<\/p>\n\n\n\n<p>At\u00e9 \u00e0s 7h30, 31 mandados de pris\u00e3o j\u00e1 haviam sido cumpridos, al\u00e9m de outras duas pris\u00f5es em flagrante. As equipes tamb\u00e9m realizaram a apreens\u00e3o de armas de fogo e coletes \u00e0 prova de bala.<\/p>\n\n\n\n<p>O balan\u00e7o parcial foi repassado pelo&nbsp;delegado Matheus Zanatta, gerente de Pol\u00edcia Especializada, da Pol\u00edcia Civil.<\/p>\n\n\n\n<p>Os trabalhos est\u00e3o concentrados em Teresina e contam com equipes de diversas unidades policiais, como a Ger\u00eancia de Pol\u00edcia Especializada, Delegacia de Capturas e Distritos Policiais, FEISP e Diretoria de Intelig\u00eancia da PM.<\/p>\n\n\n\n<p>A Opera\u00e7\u00e3o Captura Integrada tem como foco o combate a crimes, principalmente contra pessoa e patrim\u00f4nio, sendo parte de a\u00e7\u00f5es integradas idealizadas pelo Delegado Geral da Pol\u00edcia Civil, Luccy Keiko, e Comandante da Pol\u00edcia Militar, Coronel Scheiwann Lopes. <\/p>\n\n\n\n<figure class=\"wp-block-image is-resized\"><img decoding=\"async\" loading=\"lazy\" src=\"https:\/\/cidadeverde.com\/assets\/uploads\/noticias\/e244434c78ccd234ed2675703e303726.jpg\" alt=\"\" width=\"377\" height=\"300\"\/><figcaption><em>Foto: Divulga\u00e7\u00e3o\/Pol\u00edcia Civil<\/em><\/figcaption><\/figure>\n\n\n\n<p><strong>Fonte: Natanael Souza e Rebeca Lima\/ Cidade Verde<\/strong> <\/p>\n","protected":false},"excerpt":{"rendered":"<p>Atualizada \u00e0s 10h30 As equipes da Pol\u00edcia Civil e da Pol\u00edcia Militar prenderam dois suspeitos de integrar uma fac\u00e7\u00e3o criminosa, em uma resid\u00eancia no bairro Parque Alvorada, zona Norte de Teresina. Com a dupla, tamb\u00e9m foram apreendidas duas armas, sendo uma submetralhadora, muni\u00e7\u00f5es e colete bal\u00edstico . A a\u00e7\u00e3o se decorreu durante a opera\u00e7\u00e3o Captura [&hellip;]<\/p>\n","protected":false},"author":1,"featured_media":35911,"comment_status":"open","ping_status":"open","sticky":false,"template":"","format":"standard","meta":{"beyondwords_generate_audio":"","beyondwords_project_id":"","beyondwords_podcast_id":"","beyondwords_hash":"","beyondwords_error_message":"","beyondwords_disabled":"","publish_post_to_speechkit":"","speechkit_generate_audio":"","speechkit_project_id":"","speechkit_podcast_id":"","speechkit_hash":"","speechkit_error_message":"","speechkit_disabled":"","speechkit_access_key":"","speechkit_error":"","speechkit_info":"","speechkit_response":"","speechkit_retries":"","_speechkit_link":"","_speechkit_text":""},"categories":[51,78,81],"tags":[7028,44,1609,72,617,618,52,314,5216,473],"jetpack_featured_media_url":"","_links":{"self":[{"href":"https:\/\/pinews.com.br\/index.php\/wp-json\/wp\/v2\/posts\/35910"}],"collection":[{"href":"https:\/\/pinews.com.br\/index.php\/wp-json\/wp\/v2\/posts"}],"about":[{"href":"https:\/\/pinews.com.br\/index.php\/wp-json\/wp\/v2\/types\/post"}],"author":[{"embeddable":true,"href":"https:\/\/pinews.com.br\/index.php\/wp-json\/wp\/v2\/users\/1"}],"replies":[{"embeddable":true,"href":"https:\/\/pinews.com.br\/index.php\/wp-json\/wp\/v2\/comments?post=35910"}],"version-history":[{"count":0,"href":"https:\/\/pinews.com.br\/index.php\/wp-json\/wp\/v2\/posts\/35910\/revisions"}],"wp:featuredmedia":[{"embeddable":true,"href":"https:\/\/pinews.com.br\/index.php\/wp-json\/"}],"wp:attachment":[{"href":"https:\/\/pinews.com.br\/index.php\/wp-json\/wp\/v2\/media?parent=35910"}],"wp:term":[{"taxonomy":"category","embeddable":true,"href":"https:\/\/pinews.com.br\/index.php\/wp-json\/wp\/v2\/categories?post=35910"},{"taxonomy":"post_tag","embeddable":true,"href":"https:\/\/pinews.com.br\/index.php\/wp-json\/wp\/v2\/tags?post=35910"}],"curies":[{"name":"wp","href":"https:\/\/api.w.org\/{rel}","templated":true}]}}