{"id":35952,"date":"2022-06-24T11:37:07","date_gmt":"2022-06-24T14:37:07","guid":{"rendered":"https:\/\/pinews.com.br\/?p=35952"},"modified":"2022-06-24T11:37:07","modified_gmt":"2022-06-24T14:37:07","slug":"no-piaui-menina-estuprada-aos-10-vira-mae-abandona-escola-e-recusa-terapia","status":"publish","type":"post","link":"https:\/\/pinews.com.br\/index.php\/2022\/06\/24\/no-piaui-menina-estuprada-aos-10-vira-mae-abandona-escola-e-recusa-terapia\/","title":{"rendered":"No Piau\u00ed, menina estuprada aos 10 vira m\u00e3e, abandona escola e recusa terapia"},"content":{"rendered":"\n<p>Ao lado de uma mamadeira, sentada na cama, a menina hoje com 11 anos rapidamente se levanta ao avistar a presen\u00e7a do Conselho Tutelar de Teresina. Logo pega o filho de nove meses no colo, e sentada, se esconde por tr\u00e1s do menino. Arredia, n\u00e3o diz uma s\u00f3 palavra. A fam\u00edlia que tinha na mem\u00f3ria uma menina extrovertida que ia \u00e0 escola e brincava de boneca, hoje \u00e9 calada e n\u00e3o quer sair de casa.<\/p>\n\n\n\n<p>Ela tinha dez anos quando engravidou ap\u00f3s ser estuprada e seguiu com a gesta\u00e7\u00e3o. A menina abandonou a escola, vive conflito com a m\u00e3e e se nega a conversar com um psic\u00f3logo.<\/p>\n\n\n\n<p>&#8220;O m\u00e9dico disse que n\u00e3o dava para tirar o beb\u00ea, que ela e a crian\u00e7a corriam risco de morte. Fiquei com medo e fui contra o aborto&#8221;, disse a m\u00e3e da v\u00edtima, uma dona de casa de 29 anos. A mulher n\u00e3o soube dizer o nome do profissional que deu \u00e0 fam\u00edlia a orienta\u00e7\u00e3o sobre haver risco de morte para ambos.&nbsp;<\/p>\n\n\n\n<p>A v\u00edtima foi violentada em um matagal por um primo de 25 anos, em janeiro do ano passado. A m\u00e3e&nbsp; da menina descobriu a gravidez da filha fazendo um teste no posto de sa\u00fade de um povoado na zona rural da capital do Piau\u00ed.<\/p>\n\n\n\n<p>A v\u00edtima estava com quase dois meses de gravidez na \u00e9poca. Hoje, o beb\u00ea est\u00e1 com nove meses e \u00e9 cuidado pela av\u00f3. O estuprador tempos depois foi assassinado \u2014a fam\u00edlia n\u00e3o soube informar o que motivou o homic\u00eddio.<\/p>\n\n\n\n<figure class=\"wp-block-image\"><img decoding=\"async\" src=\"https:\/\/cidadeverde.com\/assets\/uploads\/noticias\/797183ef75af07850358155088f67f5c.jpg\" alt=\"\"\/><\/figure>\n\n\n\n<p>&#8220;Mudou tudo desde que o beb\u00ea nasceu. Ela est\u00e1 rebelde, j\u00e1 puxou faca pra mim, faz amea\u00e7as de me matar, n\u00e3o vai para a escola, e disse que s\u00f3 quer ficar em casa. Estou cuidando de duas crian\u00e7as, minha filha e meu neto. Ela n\u00e3o tem amadurecimento para ter filho&#8221;, disse a m\u00e3e da menina.<\/p>\n\n\n\n<p>A fam\u00edlia vive em situa\u00e7\u00e3o de bastante vulnerabilidade em uma casa de barro, com uma sala, um quarto e cozinha. O ch\u00e3o \u00e9 de terra batida.<\/p>\n\n\n\n<p>L\u00e1 vivem sete pessoas, a m\u00e3e, o pai, e os irm\u00e3os da v\u00edtima do estupro, de um, tr\u00eas e sete anos. Eles dormem em um \u00fanico quarto entre camas, colch\u00f5es no ch\u00e3o e redes.<\/p>\n\n\n\n<p>A m\u00e3e vive dos R$ 400 do Aux\u00edlio Brasil e ganha R$ 1 por cada cartela que vende de um sorteio premiado realizado em Teresina.<\/p>\n\n\n\n<p>O conselho tutelar tomou conhecimento da gravidez da menina ap\u00f3s estupro depois de uma den\u00fancia da escola quando a menina frequentava a sala de aula.<\/p>\n\n\n\n<p>A conselheira tutelar Renata Bezerra, do n\u00facleo da zona sudeste, disse que o pedido de aborto legal foi solicitado informalmente \u00e0 ju\u00edza plantonista, quando Bezerra acompanhava no hospital a crian\u00e7a e fam\u00edlia.<\/p>\n\n\n\n<p>Segundo Bezerra, no dia da consulta, a menina n\u00e3o queria a interrup\u00e7\u00e3o da gravidez.<\/p>\n\n\n\n<p>&#8220;A v\u00edtima disse que n\u00e3o tirava o beb\u00ea [n\u00e3o faria o aborto]. Ela esperneou em frente da maternidade Dona Evangelina Rosa [para n\u00e3o fazer o procedimento]&#8221;, lembra a conselheira. &#8220;Conversamos com a psic\u00f3loga da maternidade e o m\u00e9dico, que informaram que prevalecia a vontade da m\u00e3e do beb\u00ea. Ela estava com dois meses de gesta\u00e7\u00e3o e daria para fazer a interrup\u00e7\u00e3o da gravidez. Acionamos a ju\u00edza de plant\u00e3o por telefone e ela disse que a fam\u00edlia teria que entrar em acordo para fazer o aborto&#8221;.<\/p>\n\n\n\n<p>O gerente de Direitos Humanos da Secretaria de Assist\u00eancia Social de Teresina, Andr\u00e9 Santos, disse que aumentou em 55% o n\u00famero de casos de abuso sexual de crian\u00e7a e adolescente em Teresina comparado o primeiro trimestre de 2021. O total saltou de 29 casos para 45.<\/p>\n\n\n\n<figure class=\"wp-block-image\"><img decoding=\"async\" src=\"https:\/\/cidadeverde.com\/assets\/uploads\/noticias\/c5915f0182b0a041ec6c4ee4316db59d.jpg\" alt=\"\"\/><\/figure>\n\n\n\n<p>&#8220;O que \u00e9 mais complicado \u00e9 que a v\u00edtima \u00e9 menor de idade, diz que tem condi\u00e7\u00f5es de cuidar do filho, se ela mesmo \u00e9 incapaz de cuidar de si. Por isso sobrecarrega a fam\u00edlia e a rede de prote\u00e7\u00e3o&#8221;, disse Santos. Ele defende que a rede de prote\u00e7\u00e3o infantojuvenil precisa ser mais \u00e1gil.<\/p>\n\n\n\n<p>A defensora p\u00fablica, Daniela Neves Bona, da 1\u00aa Defensoria da Inf\u00e2ncia e Juventude de Teresina, esclarece que se a v\u00edtima de estupro e a m\u00e3e n\u00e3o querem o aborto \u00e9 preciso respeitar essa decis\u00e3o.<\/p>\n\n\n\n<p>&#8220;A v\u00edtima tem livre arb\u00edtrio de escolha. Agora se ela n\u00e3o quer o filho e a maternidade n\u00e3o quer fazer o aborto, a fam\u00edlia precisa procurar a defensoria ou um advogado para acionar a justi\u00e7a para obrigar o hospital a fazer a interrup\u00e7\u00e3o da gravidez&#8221;, disse Daniela Bona.<\/p>\n\n\n\n<p>Ele informou ainda que n\u00e3o \u00e9 papel do Conselho Tutelar pedir aborto legal, e que o \u00f3rg\u00e3o pode apenas orientar a fam\u00edlia e encaminhar a v\u00edtima para os projetos sociais para ampar\u00e1-la.<\/p>\n\n\n\n<figure class=\"wp-block-image\"><img decoding=\"async\" src=\"https:\/\/cidadeverde.com\/assets\/uploads\/noticias\/1af93d1d8ffd21da2ed26e2809f62902.jpg\" alt=\"\"\/><\/figure>\n\n\n\n<p><strong>Fonte: Yala Sena\/ Cidade Verde <\/strong><\/p>\n","protected":false},"excerpt":{"rendered":"<p>Ao lado de uma mamadeira, sentada na cama, a menina hoje com 11 anos rapidamente se levanta ao avistar a presen\u00e7a do Conselho Tutelar de Teresina. Logo pega o filho de nove meses no colo, e sentada, se esconde por tr\u00e1s do menino. Arredia, n\u00e3o diz uma s\u00f3 palavra. A fam\u00edlia que tinha na mem\u00f3ria [&hellip;]<\/p>\n","protected":false},"author":1,"featured_media":35953,"comment_status":"open","ping_status":"open","sticky":false,"template":"","format":"standard","meta":{"beyondwords_generate_audio":"","beyondwords_project_id":"","beyondwords_podcast_id":"","beyondwords_hash":"","beyondwords_error_message":"","beyondwords_disabled":"","publish_post_to_speechkit":"","speechkit_generate_audio":"","speechkit_project_id":"","speechkit_podcast_id":"","speechkit_hash":"","speechkit_error_message":"","speechkit_disabled":"","speechkit_access_key":"","speechkit_error":"","speechkit_info":"","speechkit_response":"","speechkit_retries":"","_speechkit_link":"","_speechkit_text":""},"categories":[51],"tags":[408,7266,142,1425,5554,117,1207,52,10372,7761,1651],"jetpack_featured_media_url":"","_links":{"self":[{"href":"https:\/\/pinews.com.br\/index.php\/wp-json\/wp\/v2\/posts\/35952"}],"collection":[{"href":"https:\/\/pinews.com.br\/index.php\/wp-json\/wp\/v2\/posts"}],"about":[{"href":"https:\/\/pinews.com.br\/index.php\/wp-json\/wp\/v2\/types\/post"}],"author":[{"embeddable":true,"href":"https:\/\/pinews.com.br\/index.php\/wp-json\/wp\/v2\/users\/1"}],"replies":[{"embeddable":true,"href":"https:\/\/pinews.com.br\/index.php\/wp-json\/wp\/v2\/comments?post=35952"}],"version-history":[{"count":0,"href":"https:\/\/pinews.com.br\/index.php\/wp-json\/wp\/v2\/posts\/35952\/revisions"}],"wp:featuredmedia":[{"embeddable":true,"href":"https:\/\/pinews.com.br\/index.php\/wp-json\/"}],"wp:attachment":[{"href":"https:\/\/pinews.com.br\/index.php\/wp-json\/wp\/v2\/media?parent=35952"}],"wp:term":[{"taxonomy":"category","embeddable":true,"href":"https:\/\/pinews.com.br\/index.php\/wp-json\/wp\/v2\/categories?post=35952"},{"taxonomy":"post_tag","embeddable":true,"href":"https:\/\/pinews.com.br\/index.php\/wp-json\/wp\/v2\/tags?post=35952"}],"curies":[{"name":"wp","href":"https:\/\/api.w.org\/{rel}","templated":true}]}}