{"id":36001,"date":"2022-06-25T17:17:05","date_gmt":"2022-06-25T20:17:05","guid":{"rendered":"https:\/\/pinews.com.br\/?p=36001"},"modified":"2022-06-25T17:17:05","modified_gmt":"2022-06-25T20:17:05","slug":"comerciante-e-preso-apos-anunciar-no-facebook-joias-roubadas-no-piaui","status":"publish","type":"post","link":"https:\/\/pinews.com.br\/index.php\/2022\/06\/25\/comerciante-e-preso-apos-anunciar-no-facebook-joias-roubadas-no-piaui\/","title":{"rendered":"Comerciante \u00e9 preso ap\u00f3s anunciar no Facebook joias roubadas no Piau\u00ed"},"content":{"rendered":"\n<p>Um comerciante identificado como Juvenaldo da Silva, de 27 anos, foi preso, nesta sexta-feira (24\/06), na cidade de Parna\u00edba (338 km de Teresina) pelo crime de recepta\u00e7\u00e3o. A pris\u00e3o ocorreu ap\u00f3s o homem ser flagrado divulgando e vendendo joias roubadas em uma p\u00e1gina no Facebook.&nbsp;<\/p>\n\n\n\n<p>As joias seriam de um vendedor de 26 anos, identificado como Marcelo Viana, que foi assaltado a m\u00e3o armada no dia 17 de junho, por volta das 15h, nas proximidades do Parna\u00edba Shopping, em Parna\u00edba. Na ocasi\u00e7\u00e3o, Marcelo teve a bolsa com as joias avaliadas em R$ 8 mil roubadas e mais R$ 3 mil que em esp\u00e9cie.&nbsp;&nbsp;<\/p>\n\n\n\n<p>Seis dias ap\u00f3s o fato, na noite do dia 23 de junho, a v\u00edtima observou uma postagem da venda de um cord\u00e3o de ouro e dois pingentes em uma p\u00e1gina no Facebook da regi\u00e3o de Parna\u00edba. Em seu depoimento, Marcelo Viana disse que reconheceu de imediato aqueles como sendo parte dos produtos roubados no dia 17.&nbsp;<\/p>\n\n\n\n<p>A v\u00edtima solicitou apoio da Pol\u00edcia Militar de Parna\u00edba no dia seguinte e foram at\u00e9 a resid\u00eancia de Juvenaldo da Silva, por meio do endere\u00e7o informado na postagem.&nbsp;<\/p>\n\n\n\n<p>Ao ser confrontado, segundo os policiais que atenderam a ocorr\u00eancia, o comerciante preso fez a devolu\u00e7\u00e3o de parte das joias roubadas. Por\u00e9m, se negou a dizer de quem havia adquirido os produtos por ter medo de elementos ligados a fac\u00e7\u00f5es criminosas.&nbsp;<\/p>\n\n\n\n<p>Ambos foram conduzidos \u00e0 Central de Flagrantes de Parna\u00edba e Juvenaldo foi preso em flagrante.&nbsp;<\/p>\n\n\n\n<p><strong>Fonte: Nataniel Lima\/ Cidade Verde <\/strong><\/p>\n","protected":false},"excerpt":{"rendered":"<p>Um comerciante identificado como Juvenaldo da Silva, de 27 anos, foi preso, nesta sexta-feira (24\/06), na cidade de Parna\u00edba (338 km de Teresina) pelo crime de recepta\u00e7\u00e3o. A pris\u00e3o ocorreu ap\u00f3s o homem ser flagrado divulgando e vendendo joias roubadas em uma p\u00e1gina no Facebook.&nbsp; As joias seriam de um vendedor de 26 anos, identificado [&hellip;]<\/p>\n","protected":false},"author":1,"featured_media":36002,"comment_status":"open","ping_status":"open","sticky":false,"template":"","format":"standard","meta":{"beyondwords_generate_audio":"","beyondwords_project_id":"","beyondwords_podcast_id":"","beyondwords_hash":"","beyondwords_error_message":"","beyondwords_disabled":"","publish_post_to_speechkit":"","speechkit_generate_audio":"","speechkit_project_id":"","speechkit_podcast_id":"","speechkit_hash":"","speechkit_error_message":"","speechkit_disabled":"","speechkit_access_key":"","speechkit_error":"","speechkit_info":"","speechkit_response":"","speechkit_retries":"","_speechkit_link":"","_speechkit_text":""},"categories":[51,78],"tags":[7742,70,205,72,4932,1157,52,79,7457],"jetpack_featured_media_url":"","_links":{"self":[{"href":"https:\/\/pinews.com.br\/index.php\/wp-json\/wp\/v2\/posts\/36001"}],"collection":[{"href":"https:\/\/pinews.com.br\/index.php\/wp-json\/wp\/v2\/posts"}],"about":[{"href":"https:\/\/pinews.com.br\/index.php\/wp-json\/wp\/v2\/types\/post"}],"author":[{"embeddable":true,"href":"https:\/\/pinews.com.br\/index.php\/wp-json\/wp\/v2\/users\/1"}],"replies":[{"embeddable":true,"href":"https:\/\/pinews.com.br\/index.php\/wp-json\/wp\/v2\/comments?post=36001"}],"version-history":[{"count":0,"href":"https:\/\/pinews.com.br\/index.php\/wp-json\/wp\/v2\/posts\/36001\/revisions"}],"wp:featuredmedia":[{"embeddable":true,"href":"https:\/\/pinews.com.br\/index.php\/wp-json\/"}],"wp:attachment":[{"href":"https:\/\/pinews.com.br\/index.php\/wp-json\/wp\/v2\/media?parent=36001"}],"wp:term":[{"taxonomy":"category","embeddable":true,"href":"https:\/\/pinews.com.br\/index.php\/wp-json\/wp\/v2\/categories?post=36001"},{"taxonomy":"post_tag","embeddable":true,"href":"https:\/\/pinews.com.br\/index.php\/wp-json\/wp\/v2\/tags?post=36001"}],"curies":[{"name":"wp","href":"https:\/\/api.w.org\/{rel}","templated":true}]}}