{"id":3605,"date":"2020-01-15T12:42:44","date_gmt":"2020-01-15T15:42:44","guid":{"rendered":"https:\/\/pinews.com.br\/?p=3605"},"modified":"2020-01-15T12:42:44","modified_gmt":"2020-01-15T15:42:44","slug":"motorista-e-feito-refem-bandidos-roubam-carga-e-abandonam-cavalo-mecanico-de-carreta-no-piaui","status":"publish","type":"post","link":"https:\/\/pinews.com.br\/index.php\/2020\/01\/15\/motorista-e-feito-refem-bandidos-roubam-carga-e-abandonam-cavalo-mecanico-de-carreta-no-piaui\/","title":{"rendered":"Motorista \u00e9 feito ref\u00e9m, bandidos roubam carga e abandonam cavalo mec\u00e2nico de carreta no Piau\u00ed"},"content":{"rendered":"\n<p>Foto: Reprodu\u00e7\u00e3o <\/p>\n\n\n\n<p style=\"text-align:justify\">Um motorista de uma carreta foi feito ref\u00e9m durante um assalto na manh\u00e3 dessa ter\u00e7a-feira (14), no munic\u00edpio de S\u00e3o Jo\u00e3o do Piau\u00ed. De acordo com a Pol\u00edcia Militar do Piau\u00ed, os bandidos roubaram a carga e abandonaram apenas o cavalo mec\u00e2nico do ve\u00edculo em um posto de combust\u00edveis situado na BR-316.<\/p>\n\n\n\n<p style=\"text-align:justify\">O caminh\u00e3o estava transportando ra\u00e7\u00e3o animal e algod\u00e3o. A v\u00edtima foi amarrada e deixada em uma \u00e1rea de mata na madrugada desta quarta-feira (15).<\/p>\n\n\n\n<p style=\"text-align:justify\">O comandante do 4\u00b0BPM, major Estanislau Felipe, informou que os policiais que estavam atuando na Opera\u00e7\u00e3o Vale dos Guaribas foram acionados por meio de uma empresa de rastreamento de ve\u00edculos de que o caminh\u00e3o havia sido roubado e de que estaria em Picos.<\/p>\n\n\n\n<figure class=\"wp-block-image\"><img decoding=\"async\" src=\"https:\/\/s2.glbimg.com\/fkzDdQVNZb17BP9HZJE_3ZTg-KU=\/0x0:1280x960\/984x0\/smart\/filters:strip_icc()\/i.s3.glbimg.com\/v1\/AUTH_59edd422c0c84a879bd37670ae4f538a\/internal_photos\/bs\/2020\/C\/l\/6eZBEvTtOkezMOOSQR1A\/caminhao-br-316-picos.jpg\" alt=\"Policiais encontraram o ve\u00edculo em um posto de combust\u00edveis \u2014 Foto: Divulga\u00e7\u00e3o\/PM\"\/><figcaption>Policiais encontraram o ve\u00edculo em um posto de combust\u00edveis \u2014 Foto: Divulga\u00e7\u00e3o\/PM<\/figcaption><\/figure>\n\n\n\n<p style=\"text-align:justify\">\u201cO caminh\u00e3o foi roubado em S\u00e3o Jo\u00e3o do Piau\u00ed. O motorista foi pego, feito ref\u00e9m e liberado por volta de 1h30. J\u00e1 por volta de 3h30, os policiais foram acionados por uma empresa de rastreamento informando que uma carreta roubada em S\u00e3o Jo\u00e3o estaria em Picos. Eles abandonaram apenas o \u2018cavalinho\u2019 em um posto de combust\u00edveis na BR-316 e levaram a carga\u201d, comentou.<\/p>\n\n\n\n<p style=\"text-align:justify\">Os policiais continuam realizando buscas para localizar os suspeitos e recuperar a carga.<\/p>\n\n\n\n<p><strong>Fonte: G1 PI<\/strong><\/p>\n","protected":false},"excerpt":{"rendered":"<p>Foto: Reprodu\u00e7\u00e3o Um motorista de uma carreta foi feito ref\u00e9m durante um assalto na manh\u00e3 dessa ter\u00e7a-feira (14), no munic\u00edpio de S\u00e3o Jo\u00e3o do Piau\u00ed. De acordo com a Pol\u00edcia Militar do Piau\u00ed, os bandidos roubaram a carga e abandonaram apenas o cavalo mec\u00e2nico do ve\u00edculo em um posto de combust\u00edveis situado na BR-316. O [&hellip;]<\/p>\n","protected":false},"author":1,"featured_media":3607,"comment_status":"open","ping_status":"open","sticky":false,"template":"","format":"standard","meta":{"beyondwords_generate_audio":"","beyondwords_project_id":"","beyondwords_podcast_id":"","beyondwords_hash":"","beyondwords_error_message":"","beyondwords_disabled":"","publish_post_to_speechkit":"","speechkit_generate_audio":"","speechkit_project_id":"","speechkit_podcast_id":"","speechkit_hash":"","speechkit_error_message":"","speechkit_disabled":"","speechkit_access_key":"","speechkit_error":"","speechkit_info":"","speechkit_response":"","speechkit_retries":"","_speechkit_link":"","_speechkit_text":""},"categories":[51],"tags":[855,100,58,52,270],"jetpack_featured_media_url":"","_links":{"self":[{"href":"https:\/\/pinews.com.br\/index.php\/wp-json\/wp\/v2\/posts\/3605"}],"collection":[{"href":"https:\/\/pinews.com.br\/index.php\/wp-json\/wp\/v2\/posts"}],"about":[{"href":"https:\/\/pinews.com.br\/index.php\/wp-json\/wp\/v2\/types\/post"}],"author":[{"embeddable":true,"href":"https:\/\/pinews.com.br\/index.php\/wp-json\/wp\/v2\/users\/1"}],"replies":[{"embeddable":true,"href":"https:\/\/pinews.com.br\/index.php\/wp-json\/wp\/v2\/comments?post=3605"}],"version-history":[{"count":0,"href":"https:\/\/pinews.com.br\/index.php\/wp-json\/wp\/v2\/posts\/3605\/revisions"}],"wp:featuredmedia":[{"embeddable":true,"href":"https:\/\/pinews.com.br\/index.php\/wp-json\/"}],"wp:attachment":[{"href":"https:\/\/pinews.com.br\/index.php\/wp-json\/wp\/v2\/media?parent=3605"}],"wp:term":[{"taxonomy":"category","embeddable":true,"href":"https:\/\/pinews.com.br\/index.php\/wp-json\/wp\/v2\/categories?post=3605"},{"taxonomy":"post_tag","embeddable":true,"href":"https:\/\/pinews.com.br\/index.php\/wp-json\/wp\/v2\/tags?post=3605"}],"curies":[{"name":"wp","href":"https:\/\/api.w.org\/{rel}","templated":true}]}}