{"id":36168,"date":"2022-06-30T18:20:53","date_gmt":"2022-06-30T21:20:53","guid":{"rendered":"https:\/\/pinews.com.br\/?p=36168"},"modified":"2022-06-30T18:20:53","modified_gmt":"2022-06-30T21:20:53","slug":"jovem-e-morto-com-varios-tiros-na-cabeca-no-piaui","status":"publish","type":"post","link":"https:\/\/pinews.com.br\/index.php\/2022\/06\/30\/jovem-e-morto-com-varios-tiros-na-cabeca-no-piaui\/","title":{"rendered":"Jovem \u00e9 morto com v\u00e1rios tiros na cabe\u00e7a no Piau\u00ed"},"content":{"rendered":"\n<p>Um jovem ainda n\u00e3o identificado foi morto com v\u00e1rios disparos de arma de fogo na cabe\u00e7a, na tarde desta quinta-feira (30), na regi\u00e3o do bairro Nova Bras\u00edlia, zona norte de Teresina.<\/p>\n\n\n\n<p>De acordo com informa\u00e7\u00f5es do subtenente Lu\u00eds Celso, do 9\u00ba Batalh\u00e3o da Pol\u00edcia Militar do Piau\u00ed, a v\u00edtima foi abordada e alvejada, na Rua Campo Maior.<\/p>\n\n\n\n<p>Os suspeitos fugiram e at\u00e9 o momento n\u00e3o foram localizados. N\u00e3o foi informado se eles estavam de moto ou carro.<\/p>\n\n\n\n<p>&#8220;Ele foi alvejado com v\u00e1rios disparos e ningu\u00e9m viu. A v\u00edtima tamb\u00e9m n\u00e3o era conhecida na regi\u00e3o. Ele morreu no local&#8221;, disse o subtenente ao <em>MeioNorte.com<\/em>.<\/p>\n\n\n\n<p>Equipes do 9\u00ba BPM isolaram o local do crime e acionaram a per\u00edcia criminal para realizar os procedimentos necess\u00e1rios. Ap\u00f3s isso, o Instituto de Medicina Legal (IML) fez a remo\u00e7\u00e3o do corpo.<\/p>\n\n\n\n<p><img decoding=\"async\" alt=\"Jovem \u00e9 morto com v\u00e1rios tiros na cabe\u00e7a na zona norte de Teresina - Foto: Reprodu\u00e7\u00e3o\/WhatsAppJovem \u00e9 morto com v\u00e1rios tiros na cabe\u00e7a na zona norte de Teresina - Foto: Reprodu\u00e7\u00e3o\/WhatsApp\" src=\"https:\/\/static.meionorte.com\/uploads\/imagens\/2022\/6\/30\/jovem-e-morto-com-varios-tiros-na-cabeca-na-zona-norte-de-teresina-7315ec8d-5adf-4fd3-9dba-2375e1d323d4.jpg\">Jovem \u00e9 morto com v\u00e1rios tiros na cabe\u00e7a na zona norte de Teresina &#8211; Foto: Reprodu\u00e7\u00e3o\/WhatsApp<\/p>\n\n\n\n<p>A motiva\u00e7\u00e3o do crime ainda \u00e9 desconhecida. O Departamento de Homic\u00eddio e Prote\u00e7\u00e3o \u00e0 Pessoa (DHPP) vai investigar o caso.<\/p>\n\n\n\n<p><strong>Fonte: Meio Norte <\/strong><\/p>\n","protected":false},"excerpt":{"rendered":"<p>Um jovem ainda n\u00e3o identificado foi morto com v\u00e1rios disparos de arma de fogo na cabe\u00e7a, na tarde desta quinta-feira (30), na regi\u00e3o do bairro Nova Bras\u00edlia, zona norte de Teresina. De acordo com informa\u00e7\u00f5es do subtenente Lu\u00eds Celso, do 9\u00ba Batalh\u00e3o da Pol\u00edcia Militar do Piau\u00ed, a v\u00edtima foi abordada e alvejada, na Rua [&hellip;]<\/p>\n","protected":false},"author":1,"featured_media":36169,"comment_status":"open","ping_status":"open","sticky":false,"template":"","format":"standard","meta":{"beyondwords_generate_audio":"","beyondwords_project_id":"","beyondwords_podcast_id":"","beyondwords_hash":"","beyondwords_error_message":"","beyondwords_disabled":"","publish_post_to_speechkit":"","speechkit_generate_audio":"","speechkit_project_id":"","speechkit_podcast_id":"","speechkit_hash":"","speechkit_error_message":"","speechkit_disabled":"","speechkit_access_key":"","speechkit_error":"","speechkit_info":"","speechkit_response":"","speechkit_retries":"","_speechkit_link":"","_speechkit_text":""},"categories":[51,78,81],"tags":[750,72,266,197,91,52,165,166],"jetpack_featured_media_url":"","_links":{"self":[{"href":"https:\/\/pinews.com.br\/index.php\/wp-json\/wp\/v2\/posts\/36168"}],"collection":[{"href":"https:\/\/pinews.com.br\/index.php\/wp-json\/wp\/v2\/posts"}],"about":[{"href":"https:\/\/pinews.com.br\/index.php\/wp-json\/wp\/v2\/types\/post"}],"author":[{"embeddable":true,"href":"https:\/\/pinews.com.br\/index.php\/wp-json\/wp\/v2\/users\/1"}],"replies":[{"embeddable":true,"href":"https:\/\/pinews.com.br\/index.php\/wp-json\/wp\/v2\/comments?post=36168"}],"version-history":[{"count":0,"href":"https:\/\/pinews.com.br\/index.php\/wp-json\/wp\/v2\/posts\/36168\/revisions"}],"wp:featuredmedia":[{"embeddable":true,"href":"https:\/\/pinews.com.br\/index.php\/wp-json\/"}],"wp:attachment":[{"href":"https:\/\/pinews.com.br\/index.php\/wp-json\/wp\/v2\/media?parent=36168"}],"wp:term":[{"taxonomy":"category","embeddable":true,"href":"https:\/\/pinews.com.br\/index.php\/wp-json\/wp\/v2\/categories?post=36168"},{"taxonomy":"post_tag","embeddable":true,"href":"https:\/\/pinews.com.br\/index.php\/wp-json\/wp\/v2\/tags?post=36168"}],"curies":[{"name":"wp","href":"https:\/\/api.w.org\/{rel}","templated":true}]}}