{"id":36246,"date":"2022-07-03T17:45:54","date_gmt":"2022-07-03T20:45:54","guid":{"rendered":"https:\/\/pinews.com.br\/?p=36246"},"modified":"2022-07-03T17:45:54","modified_gmt":"2022-07-03T20:45:54","slug":"jovem-e-baleado-proximo-a-casa-onde-morava-e-morre-no-quintal-de-vizinho-no-piaui","status":"publish","type":"post","link":"https:\/\/pinews.com.br\/index.php\/2022\/07\/03\/jovem-e-baleado-proximo-a-casa-onde-morava-e-morre-no-quintal-de-vizinho-no-piaui\/","title":{"rendered":"Jovem \u00e9 baleado pr\u00f3ximo \u00e0 casa onde morava e morre no quintal de vizinho no Piau\u00ed"},"content":{"rendered":"\n<p>Um jovem foi assassinado a tiros neste domingo (3) na Vila Ferrovi\u00e1ria, na Zona Sul de Teresina. O rapaz foi identificado como Aryelson, de 22 anos.<\/p>\n\n\n\n<p>O crime aconteceu no in\u00edcio da tarde de domingo, pr\u00f3ximo ao trecho da Avenida Higino Cunha por onde passam os trilhos do metr\u00f4. Aryelson morava na regi\u00e3o.<\/p>\n\n\n\n<p>Ele estava com alguns amigos sentado em uma cal\u00e7ada quando foram surpreendidos por pessoas que chegaram atirando na dire\u00e7\u00e3o deles.&nbsp;N\u00e3o se sabe ao certo quantas pessoas participaram do crime.<\/p>\n\n\n\n<p>Aryelson e os demais rapazes fugiram correndo do local, e na fuga, entrou na casa de um vizinho. Ele foi baleado e faleceu no quintal da casa.&nbsp;Os policiais ainda n\u00e3o sabem se ele foi seguido at\u00e9 a casa ou se foi atingido durante a fuga.<\/p>\n\n\n\n<p>As outras pessoas que estavam com Aryelson conseguiram escapar dos tiros, e nenhum deles ficou ferido.<\/p>\n\n\n\n<p>Equipes da Pol\u00edcia Militar foram acionadas e fizeram o isolamento do local do crime. O caso deve ser investigado pelo Departamento de Homic\u00eddios e Prote\u00e7\u00e3o \u00e0 Pessoa (DHPP).<\/p>\n\n\n\n<p><strong>Fonte: G1 PI <\/strong><\/p>\n","protected":false},"excerpt":{"rendered":"<p>Um jovem foi assassinado a tiros neste domingo (3) na Vila Ferrovi\u00e1ria, na Zona Sul de Teresina. O rapaz foi identificado como Aryelson, de 22 anos. O crime aconteceu no in\u00edcio da tarde de domingo, pr\u00f3ximo ao trecho da Avenida Higino Cunha por onde passam os trilhos do metr\u00f4. Aryelson morava na regi\u00e3o. Ele estava [&hellip;]<\/p>\n","protected":false},"author":1,"featured_media":36247,"comment_status":"open","ping_status":"open","sticky":false,"template":"","format":"standard","meta":{"beyondwords_generate_audio":"","beyondwords_project_id":"","beyondwords_podcast_id":"","beyondwords_hash":"","beyondwords_error_message":"","beyondwords_disabled":"","publish_post_to_speechkit":"","speechkit_generate_audio":"","speechkit_project_id":"","speechkit_podcast_id":"","speechkit_hash":"","speechkit_error_message":"","speechkit_disabled":"","speechkit_access_key":"","speechkit_error":"","speechkit_info":"","speechkit_response":"","speechkit_retries":"","_speechkit_link":"","_speechkit_text":""},"categories":[51,78,81],"tags":[794,854,149,44,72,266,902,119,903,52,127,1988,1257],"jetpack_featured_media_url":"","_links":{"self":[{"href":"https:\/\/pinews.com.br\/index.php\/wp-json\/wp\/v2\/posts\/36246"}],"collection":[{"href":"https:\/\/pinews.com.br\/index.php\/wp-json\/wp\/v2\/posts"}],"about":[{"href":"https:\/\/pinews.com.br\/index.php\/wp-json\/wp\/v2\/types\/post"}],"author":[{"embeddable":true,"href":"https:\/\/pinews.com.br\/index.php\/wp-json\/wp\/v2\/users\/1"}],"replies":[{"embeddable":true,"href":"https:\/\/pinews.com.br\/index.php\/wp-json\/wp\/v2\/comments?post=36246"}],"version-history":[{"count":0,"href":"https:\/\/pinews.com.br\/index.php\/wp-json\/wp\/v2\/posts\/36246\/revisions"}],"wp:featuredmedia":[{"embeddable":true,"href":"https:\/\/pinews.com.br\/index.php\/wp-json\/"}],"wp:attachment":[{"href":"https:\/\/pinews.com.br\/index.php\/wp-json\/wp\/v2\/media?parent=36246"}],"wp:term":[{"taxonomy":"category","embeddable":true,"href":"https:\/\/pinews.com.br\/index.php\/wp-json\/wp\/v2\/categories?post=36246"},{"taxonomy":"post_tag","embeddable":true,"href":"https:\/\/pinews.com.br\/index.php\/wp-json\/wp\/v2\/tags?post=36246"}],"curies":[{"name":"wp","href":"https:\/\/api.w.org\/{rel}","templated":true}]}}