{"id":36258,"date":"2022-07-04T11:11:25","date_gmt":"2022-07-04T14:11:25","guid":{"rendered":"https:\/\/pinews.com.br\/?p=36258"},"modified":"2022-07-04T11:11:25","modified_gmt":"2022-07-04T14:11:25","slug":"veiculo-colide-e-derruba-placa-central-do-rodoanel-em-cidade-do-piaui","status":"publish","type":"post","link":"https:\/\/pinews.com.br\/index.php\/2022\/07\/04\/veiculo-colide-e-derruba-placa-central-do-rodoanel-em-cidade-do-piaui\/","title":{"rendered":"Ve\u00edculo colide e derruba placa central do rodoanel em cidade do Piau\u00ed"},"content":{"rendered":"\n<p>Um Ve\u00edculo de cor preta colidiu e derrubou a  estrutura met\u00e1lica na entrada do rodoanel de Barras. A estrutura que cont\u00e9m a placa de sinaliza\u00e7\u00e3o est\u00e1 no ch\u00e3o e o tr\u00e2nsito por aquela pista &#8211; sentido Pesqueiro sa\u00edda para Batalha est\u00e1 obstru\u00edda em meia pista.<\/p>\n\n\n\n<p>O coordenador do GAC, Francisco Sampaio, alerta para que as pessoas evitem aquela via porque as placas est\u00e3o no ch\u00e3o.<\/p>\n\n\n\n<p>As v\u00edtimas foram&nbsp; identificadas como o comerciante \u00cdtalo CDs e sua namorada, Priscila Torres, que receberam atendimento e n\u00e3o tiveram ferimentos mais graves,<\/p>\n\n\n\n<p>As causas do acidente n\u00e3o foram identificadas.<\/p>\n\n\n\n<figure class=\"wp-block-image\"><a href=\"https:\/\/storage.stwonline.com.br\/180graus\/uploads\/ckeditor\/pictures\/2573258\/carro.jpeg\"><img decoding=\"async\" src=\"https:\/\/storage.stwonline.com.br\/180graus\/uploads\/ckeditor\/pictures\/2573258\/carro.jpeg\" alt=\"\"\/><\/a><figcaption>Foto: Reprodu\u00e7\u00e3o <\/figcaption><\/figure>\n\n\n\n<p><strong>Fonte: 180 Graus\/ As informa\u00e7\u00f5es s\u00e3o do Longah<\/strong><\/p>\n","protected":false},"excerpt":{"rendered":"<p>Um Ve\u00edculo de cor preta colidiu e derrubou a estrutura met\u00e1lica na entrada do rodoanel de Barras. A estrutura que cont\u00e9m a placa de sinaliza\u00e7\u00e3o est\u00e1 no ch\u00e3o e o tr\u00e2nsito por aquela pista &#8211; sentido Pesqueiro sa\u00edda para Batalha est\u00e1 obstru\u00edda em meia pista. O coordenador do GAC, Francisco Sampaio, alerta para que as [&hellip;]<\/p>\n","protected":false},"author":1,"featured_media":36259,"comment_status":"open","ping_status":"open","sticky":false,"template":"","format":"standard","meta":{"beyondwords_generate_audio":"","beyondwords_project_id":"","beyondwords_podcast_id":"","beyondwords_hash":"","beyondwords_error_message":"","beyondwords_disabled":"","publish_post_to_speechkit":"","speechkit_generate_audio":"","speechkit_project_id":"","speechkit_podcast_id":"","speechkit_hash":"","speechkit_error_message":"","speechkit_disabled":"","speechkit_access_key":"","speechkit_error":"","speechkit_info":"","speechkit_response":"","speechkit_retries":"","_speechkit_link":"","_speechkit_text":""},"categories":[51],"tags":[5567,63,701,151,46,52,784,10501,158],"jetpack_featured_media_url":"","_links":{"self":[{"href":"https:\/\/pinews.com.br\/index.php\/wp-json\/wp\/v2\/posts\/36258"}],"collection":[{"href":"https:\/\/pinews.com.br\/index.php\/wp-json\/wp\/v2\/posts"}],"about":[{"href":"https:\/\/pinews.com.br\/index.php\/wp-json\/wp\/v2\/types\/post"}],"author":[{"embeddable":true,"href":"https:\/\/pinews.com.br\/index.php\/wp-json\/wp\/v2\/users\/1"}],"replies":[{"embeddable":true,"href":"https:\/\/pinews.com.br\/index.php\/wp-json\/wp\/v2\/comments?post=36258"}],"version-history":[{"count":0,"href":"https:\/\/pinews.com.br\/index.php\/wp-json\/wp\/v2\/posts\/36258\/revisions"}],"wp:featuredmedia":[{"embeddable":true,"href":"https:\/\/pinews.com.br\/index.php\/wp-json\/"}],"wp:attachment":[{"href":"https:\/\/pinews.com.br\/index.php\/wp-json\/wp\/v2\/media?parent=36258"}],"wp:term":[{"taxonomy":"category","embeddable":true,"href":"https:\/\/pinews.com.br\/index.php\/wp-json\/wp\/v2\/categories?post=36258"},{"taxonomy":"post_tag","embeddable":true,"href":"https:\/\/pinews.com.br\/index.php\/wp-json\/wp\/v2\/tags?post=36258"}],"curies":[{"name":"wp","href":"https:\/\/api.w.org\/{rel}","templated":true}]}}