{"id":36328,"date":"2022-07-05T21:44:34","date_gmt":"2022-07-06T00:44:34","guid":{"rendered":"https:\/\/pinews.com.br\/?p=36328"},"modified":"2022-07-05T21:44:34","modified_gmt":"2022-07-06T00:44:34","slug":"onibus-da-banda-limao-com-mel-se-envolve-em-grave-acidente-na-bahia","status":"publish","type":"post","link":"https:\/\/pinews.com.br\/index.php\/2022\/07\/05\/onibus-da-banda-limao-com-mel-se-envolve-em-grave-acidente-na-bahia\/","title":{"rendered":"\u00d4nibus da banda Lim\u00e3o com Mel se envolve em grave acidente na Bahia"},"content":{"rendered":"\n<p>O \u00f4nibus da banda de forr\u00f3 Lim\u00e3o com Mel se envolveu em um acidente  na tarde desta ter\u00e7a-feira, 05 de julho,  nas imedia\u00e7\u00f5es de Tucano, munic\u00edpio do interior da Bahia. De acordo com informa\u00e7\u00f5es preliminares, o ve\u00edculo seguia rumo a Poranga-Cear\u00e1, onde a banda se apresenta esta noite.<\/p>\n\n\n\n<p>Edson Lima e Adma andrade, vocalistas da banda, gravaram um v\u00eddeo logo ap\u00f3s o ocorrido, tranqulizando os f\u00e3s e explicando como ocorreu o acidente. Segundo eles, dois carros pequenos se chocaram e um desses ve\u00edculos acabou batendo contra o \u00f4nibus. <\/p>\n\n\n\n<p>No momento do acidente, o ve\u00edculo transportava alguns membros da parte t\u00e9cnica da banda. At\u00e9 o momento, h\u00e1 registros de uma pessoa ferida, que estava em um dos carros que acabaram colidindo na frente do \u00f4nibus da banda.<\/p>\n\n\n\n<p>A assessoria da banda garantiu que todos passam bem e que a PRF j\u00e1 est\u00e1 a caminho para realizar as investiga\u00e7\u00f5es sobre o caso. O SAMU efetuou o resgate de um dos motoristas dos carros que colidiram na pista.<\/p>\n\n\n\n<figure class=\"wp-block-embed is-type-rich is-provider-twitter wp-block-embed-twitter\"><div class=\"wp-block-embed__wrapper\">\n<blockquote class=\"twitter-tweet\" data-width=\"550\" data-dnt=\"true\"><p lang=\"pt\" dir=\"ltr\">\u00d4nibus da banda Lim\u00e3o com Mel se envolve em grave acidente na Bahia <a href=\"https:\/\/t.co\/MpjVzOUAPa\">https:\/\/t.co\/MpjVzOUAPa<\/a> <a href=\"https:\/\/t.co\/ZoDQ6MbtXe\">pic.twitter.com\/ZoDQ6MbtXe<\/a><\/p>&mdash; Meio Norte (@meionorte) <a href=\"https:\/\/twitter.com\/meionorte\/status\/1544435763714072576?ref_src=twsrc%5Etfw\">July 5, 2022<\/a><\/blockquote><script async src=\"https:\/\/platform.twitter.com\/widgets.js\" charset=\"utf-8\"><\/script>\n<\/div><\/figure>\n\n\n\n<p><strong>Fonte: Meio Norte <\/strong><\/p>\n","protected":false},"excerpt":{"rendered":"<p>O \u00f4nibus da banda de forr\u00f3 Lim\u00e3o com Mel se envolveu em um acidente na tarde desta ter\u00e7a-feira, 05 de julho, nas imedia\u00e7\u00f5es de Tucano, munic\u00edpio do interior da Bahia. De acordo com informa\u00e7\u00f5es preliminares, o ve\u00edculo seguia rumo a Poranga-Cear\u00e1, onde a banda se apresenta esta noite. Edson Lima e Adma andrade, vocalistas da [&hellip;]<\/p>\n","protected":false},"author":1,"featured_media":36329,"comment_status":"open","ping_status":"open","sticky":false,"template":"","format":"standard","meta":{"beyondwords_generate_audio":"","beyondwords_project_id":"","beyondwords_podcast_id":"","beyondwords_hash":"","beyondwords_error_message":"","beyondwords_disabled":"","publish_post_to_speechkit":"","speechkit_generate_audio":"","speechkit_project_id":"","speechkit_podcast_id":"","speechkit_hash":"","speechkit_error_message":"","speechkit_disabled":"","speechkit_access_key":"","speechkit_error":"","speechkit_info":"","speechkit_response":"","speechkit_retries":"","_speechkit_link":"","_speechkit_text":""},"categories":[1184,134],"tags":[176,761,737,122,46,5390,404,10508,6166,91,301,129],"jetpack_featured_media_url":"","_links":{"self":[{"href":"https:\/\/pinews.com.br\/index.php\/wp-json\/wp\/v2\/posts\/36328"}],"collection":[{"href":"https:\/\/pinews.com.br\/index.php\/wp-json\/wp\/v2\/posts"}],"about":[{"href":"https:\/\/pinews.com.br\/index.php\/wp-json\/wp\/v2\/types\/post"}],"author":[{"embeddable":true,"href":"https:\/\/pinews.com.br\/index.php\/wp-json\/wp\/v2\/users\/1"}],"replies":[{"embeddable":true,"href":"https:\/\/pinews.com.br\/index.php\/wp-json\/wp\/v2\/comments?post=36328"}],"version-history":[{"count":0,"href":"https:\/\/pinews.com.br\/index.php\/wp-json\/wp\/v2\/posts\/36328\/revisions"}],"wp:featuredmedia":[{"embeddable":true,"href":"https:\/\/pinews.com.br\/index.php\/wp-json\/"}],"wp:attachment":[{"href":"https:\/\/pinews.com.br\/index.php\/wp-json\/wp\/v2\/media?parent=36328"}],"wp:term":[{"taxonomy":"category","embeddable":true,"href":"https:\/\/pinews.com.br\/index.php\/wp-json\/wp\/v2\/categories?post=36328"},{"taxonomy":"post_tag","embeddable":true,"href":"https:\/\/pinews.com.br\/index.php\/wp-json\/wp\/v2\/tags?post=36328"}],"curies":[{"name":"wp","href":"https:\/\/api.w.org\/{rel}","templated":true}]}}