{"id":36364,"date":"2022-07-06T21:01:07","date_gmt":"2022-07-07T00:01:07","guid":{"rendered":"https:\/\/pinews.com.br\/?p=36364"},"modified":"2022-07-06T21:01:07","modified_gmt":"2022-07-07T00:01:07","slug":"jovem-e-preso-apos-quebrar-o-nariz-de-vereador-com-um-soco-no-piaui","status":"publish","type":"post","link":"https:\/\/pinews.com.br\/index.php\/2022\/07\/06\/jovem-e-preso-apos-quebrar-o-nariz-de-vereador-com-um-soco-no-piaui\/","title":{"rendered":"Jovem \u00e9 preso ap\u00f3s quebrar o nariz de vereador com um soco no Piau\u00ed"},"content":{"rendered":"\n<p>O vereador Francy Iza\u00edas Barroso, conhecido popularmente como &#8220;Irm\u00e3o Francy&#8221;, de 53 anos, foi agredido e teve o nariz fraturado por um soco desferido por um rapaz identificado apenas como &#8220;Josu\u00e9 Boy&#8221;. O fato ocorreu na manh\u00e3 desta quarta-feira (06\/07), no interior de um estabelecimento comercial situado no Bairro S\u00e3o Francisco em Cocal, munic\u00edpio da regi\u00e3o Norte do Piau\u00ed. <\/p>\n\n\n\n<p>A Pol\u00edcia Militar ao atender a ocorr\u00eancia tomou conhecimento que o parlamentar se encontrava em uma fila para a realiza\u00e7\u00e3o de procedimentos banc\u00e1rios quando chegou o agressor, que estava bastante alterado e fez uma pergunta. O vereador ao responder, foi ofendido com palavras de baixo cal\u00e3o e com um soco no rosto. Com o golpe, a v\u00edtima caiu sobre uma prateleira de vidro e ainda machucou o p\u00e9 direito.<\/p>\n\n\n\n<p>Os militares prenderam o acusado em flagrante delito na casa de um familiar nas proximidades ao local do fato e o conduziu \u00e0 delegacia de Pol\u00edcia Civil de Cocal. Ao ser abordado, o suspeito negou todas as acusa\u00e7\u00f5es, no entanto, foi reconhecido pela v\u00edtima e testemunhas.<\/p>\n\n\n\n<p>O delegado titular de Cocal, Dr. Cayo C\u00e9zar indiciou Josu\u00e9 no crime de les\u00e3o corporal grave, com base no laudo do exame de corpo de delito, que apontou ofensa a integridade f\u00edsica da v\u00edtima, resultando na incapacidade das atividades laborais por mais de 30 dias.<\/p>\n\n\n\n<p>A infra\u00e7\u00e3o em tela supera uma pena privativa de liberdade de quatro anos, findando a compet\u00eancia da autoridade policial em arbitrar uma fian\u00e7a. Nesse caso, o acusado permanecer\u00e1 preso at\u00e9 ser submetido a audi\u00eancia de cust\u00f3dia, na qual a justi\u00e7a decidir\u00e1 se a pris\u00e3o ser\u00e1 relaxa ou convertida em preventiva.<\/p>\n\n\n\n<p><strong>Fonte: 180 Graus\/ As informa\u00e7\u00f5es s\u00e3o do Blog do Coveiro<\/strong><\/p>\n","protected":false},"excerpt":{"rendered":"<p>O vereador Francy Iza\u00edas Barroso, conhecido popularmente como &#8220;Irm\u00e3o Francy&#8221;, de 53 anos, foi agredido e teve o nariz fraturado por um soco desferido por um rapaz identificado apenas como &#8220;Josu\u00e9 Boy&#8221;. O fato ocorreu na manh\u00e3 desta quarta-feira (06\/07), no interior de um estabelecimento comercial situado no Bairro S\u00e3o Francisco em Cocal, munic\u00edpio da [&hellip;]<\/p>\n","protected":false},"author":1,"featured_media":36365,"comment_status":"open","ping_status":"open","sticky":false,"template":"","format":"standard","meta":{"beyondwords_generate_audio":"","beyondwords_project_id":"","beyondwords_podcast_id":"","beyondwords_hash":"","beyondwords_error_message":"","beyondwords_disabled":"","publish_post_to_speechkit":"","speechkit_generate_audio":"","speechkit_project_id":"","speechkit_podcast_id":"","speechkit_hash":"","speechkit_error_message":"","speechkit_disabled":"","speechkit_access_key":"","speechkit_error":"","speechkit_info":"","speechkit_response":"","speechkit_retries":"","_speechkit_link":"","_speechkit_text":""},"categories":[51,78],"tags":[70,44,72,266,10510,52,79,8051,10179,436,234],"jetpack_featured_media_url":"","_links":{"self":[{"href":"https:\/\/pinews.com.br\/index.php\/wp-json\/wp\/v2\/posts\/36364"}],"collection":[{"href":"https:\/\/pinews.com.br\/index.php\/wp-json\/wp\/v2\/posts"}],"about":[{"href":"https:\/\/pinews.com.br\/index.php\/wp-json\/wp\/v2\/types\/post"}],"author":[{"embeddable":true,"href":"https:\/\/pinews.com.br\/index.php\/wp-json\/wp\/v2\/users\/1"}],"replies":[{"embeddable":true,"href":"https:\/\/pinews.com.br\/index.php\/wp-json\/wp\/v2\/comments?post=36364"}],"version-history":[{"count":0,"href":"https:\/\/pinews.com.br\/index.php\/wp-json\/wp\/v2\/posts\/36364\/revisions"}],"wp:featuredmedia":[{"embeddable":true,"href":"https:\/\/pinews.com.br\/index.php\/wp-json\/"}],"wp:attachment":[{"href":"https:\/\/pinews.com.br\/index.php\/wp-json\/wp\/v2\/media?parent=36364"}],"wp:term":[{"taxonomy":"category","embeddable":true,"href":"https:\/\/pinews.com.br\/index.php\/wp-json\/wp\/v2\/categories?post=36364"},{"taxonomy":"post_tag","embeddable":true,"href":"https:\/\/pinews.com.br\/index.php\/wp-json\/wp\/v2\/tags?post=36364"}],"curies":[{"name":"wp","href":"https:\/\/api.w.org\/{rel}","templated":true}]}}