{"id":36409,"date":"2022-07-07T20:44:48","date_gmt":"2022-07-07T23:44:48","guid":{"rendered":"https:\/\/pinews.com.br\/?p=36409"},"modified":"2022-07-07T20:44:48","modified_gmt":"2022-07-07T23:44:48","slug":"senado-aprova-mp-que-libera-emprestimo-consignado-a-beneficiarios-do-auxilio-brasil","status":"publish","type":"post","link":"https:\/\/pinews.com.br\/index.php\/2022\/07\/07\/senado-aprova-mp-que-libera-emprestimo-consignado-a-beneficiarios-do-auxilio-brasil\/","title":{"rendered":"Senado aprova MP que libera empr\u00e9stimo consignado a benefici\u00e1rios do Aux\u00edlio Brasil"},"content":{"rendered":"\n<p>O Senado aprovou nesta quinta-feira (7) uma medida provis\u00f3ria que estende a possibilidade de empr\u00e9stimo consignado a benefici\u00e1rios de programas de transfer\u00eancia de renda, como o Aux\u00edlio Brasil e o Benef\u00edcio de Presta\u00e7\u00e3o Continuada (BPC).<\/p>\n\n\n\n<p>Dessa maneira, os benefici\u00e1rios desses programas podem autorizar a Uni\u00e3o a descontar dos benef\u00edcios os valores referentes ao pagamento mensal de empr\u00e9stimos e financiamentos.<\/p>\n\n\n\n<p>O texto estipula um&nbsp;limite de at\u00e9 40% do valor recebido por meio do programa assistencial.<\/p>\n\n\n\n<p>Por se tratar de uma medida provis\u00f3ria, o texto est\u00e1 em vigor desde que foi editado pelo Executivo, em mar\u00e7o. A proposta j\u00e1 foi aprovada pela C\u00e2mara e agora segue para a san\u00e7\u00e3o presidencial.<\/p>\n\n\n\n<p>A vota\u00e7\u00e3o da medida n\u00e3o estava prevista e foi inclu\u00edda na pauta desta quinta ap\u00f3s um pedido do senador Davi Alcolumbre (Uni\u00e3o-AP), relator da mat\u00e9ria. No parecer, Alcolumbre sustenta que \u201ch\u00e1 uma iminente necessidade\u201d de facilitar o cr\u00e9dito \u00e0s fam\u00edlias brasileiras.<\/p>\n\n\n\n<p>A fala do relator vai na dire\u00e7\u00e3o da argumenta\u00e7\u00e3o da MP, na qual o governo aponta que o acesso ao cr\u00e9dito \u00e9 menor entre as fam\u00edlias mais pobres, ao passo em que h\u00e1 uma queda no n\u00edvel da renda e a eleva\u00e7\u00e3o da infla\u00e7\u00e3o.<\/p>\n\n\n\n<p>\u201cOu seja, grande parte da popula\u00e7\u00e3o mais pobre pode estar tendo que recorrer a fontes informais de cr\u00e9dito, que tanto podem ser &#8216;baratas&#8217; (caso, por exemplo, de empr\u00e9stimos entre familiares) quanto muito caras e arriscadas (caso de agiotas)\u201d, afirmaram os minist\u00e9rios da Economia, do Trabalho e da Cidadania.<\/p>\n\n\n\n<p>A expectativa do governo \u00e9 que o maior acesso ao cr\u00e9dito represente uma inje\u00e7\u00e3o de recursos na economia brasileira da ordem de R$ 77 bilh\u00f5es.<\/p>\n\n\n\n<h2>Margem de cr\u00e9dito<\/h2>\n\n\n\n<p>Al\u00e9m de estender a possibilidade de empr\u00e9stimo consignado a benefici\u00e1rios do Aux\u00edlio Brasil e do BPC, a proposta eleva a margem do cr\u00e9dito consignado, isto \u00e9, o valor da renda que pode ser comprometido com o empr\u00e9stimo.<\/p>\n\n\n\n<p>Para aposentados e pensionistas do Regime Geral de Previd\u00eancia Social, a margem n\u00e3o poder\u00e1 ultrapassar o limite de 45% do valor dos benef\u00edcios. Desse total:<\/p>\n\n\n\n<ul><li>35% devem ser usados para empr\u00e9stimos, financiamentos a arrendamentos mercantis;<\/li><li>5% para opera\u00e7\u00f5es (de saques ou despesas) contra\u00eddas por meio de cart\u00e3o de cr\u00e9dito consignado;<\/li><li>5% para gastos com o chamado cart\u00e3o de benef\u00edcios.<\/li><\/ul>\n\n\n\n<p>A margem que pode ser comprometida sobe de 35% para 40% para as outras categorias que fizerem empr\u00e9stimo, como empregados celetistas e servidores p\u00fablicos. No entanto, nestes casos, tamb\u00e9m \u00e9 prevista a reserva de 5% para pagamento de empr\u00e9stimos por meio de cart\u00e3o de cr\u00e9dito consignado.<\/p>\n\n\n\n<p>No caso de servidores, a proposta prev\u00ea que leis ou regulamentos locais podem definir percentuais maiores de desconto autom\u00e1tico na remunera\u00e7\u00e3o.<\/p>\n\n\n\n<p>O texto tamb\u00e9m alcan\u00e7a militares das For\u00e7as Armadas, militares dos estados e do Distrito Federal e de inatividade remunerada.<\/p>\n\n\n\n<p><strong>Fonte: G1 <\/strong><\/p>\n","protected":false},"excerpt":{"rendered":"<p>O Senado aprovou nesta quinta-feira (7) uma medida provis\u00f3ria que estende a possibilidade de empr\u00e9stimo consignado a benefici\u00e1rios de programas de transfer\u00eancia de renda, como o Aux\u00edlio Brasil e o Benef\u00edcio de Presta\u00e7\u00e3o Continuada (BPC). Dessa maneira, os benefici\u00e1rios desses programas podem autorizar a Uni\u00e3o a descontar dos benef\u00edcios os valores referentes ao pagamento mensal [&hellip;]<\/p>\n","protected":false},"author":1,"featured_media":36410,"comment_status":"open","ping_status":"open","sticky":false,"template":"","format":"standard","meta":{"beyondwords_generate_audio":"","beyondwords_project_id":"","beyondwords_podcast_id":"","beyondwords_hash":"","beyondwords_error_message":"","beyondwords_disabled":"","publish_post_to_speechkit":"","speechkit_generate_audio":"","speechkit_project_id":"","speechkit_podcast_id":"","speechkit_hash":"","speechkit_error_message":"","speechkit_disabled":"","speechkit_access_key":"","speechkit_error":"","speechkit_info":"","speechkit_response":"","speechkit_retries":"","_speechkit_link":"","_speechkit_text":""},"categories":[134],"tags":[1209,2647,833,1093,7733,4185,810,596,1590],"jetpack_featured_media_url":"","_links":{"self":[{"href":"https:\/\/pinews.com.br\/index.php\/wp-json\/wp\/v2\/posts\/36409"}],"collection":[{"href":"https:\/\/pinews.com.br\/index.php\/wp-json\/wp\/v2\/posts"}],"about":[{"href":"https:\/\/pinews.com.br\/index.php\/wp-json\/wp\/v2\/types\/post"}],"author":[{"embeddable":true,"href":"https:\/\/pinews.com.br\/index.php\/wp-json\/wp\/v2\/users\/1"}],"replies":[{"embeddable":true,"href":"https:\/\/pinews.com.br\/index.php\/wp-json\/wp\/v2\/comments?post=36409"}],"version-history":[{"count":0,"href":"https:\/\/pinews.com.br\/index.php\/wp-json\/wp\/v2\/posts\/36409\/revisions"}],"wp:featuredmedia":[{"embeddable":true,"href":"https:\/\/pinews.com.br\/index.php\/wp-json\/"}],"wp:attachment":[{"href":"https:\/\/pinews.com.br\/index.php\/wp-json\/wp\/v2\/media?parent=36409"}],"wp:term":[{"taxonomy":"category","embeddable":true,"href":"https:\/\/pinews.com.br\/index.php\/wp-json\/wp\/v2\/categories?post=36409"},{"taxonomy":"post_tag","embeddable":true,"href":"https:\/\/pinews.com.br\/index.php\/wp-json\/wp\/v2\/tags?post=36409"}],"curies":[{"name":"wp","href":"https:\/\/api.w.org\/{rel}","templated":true}]}}